{"id":42363,"date":"2023-06-02T12:54:50","date_gmt":"2023-06-02T10:54:50","guid":{"rendered":"https:\/\/iuzb.de\/?p=42363"},"modified":"2023-06-16T16:41:37","modified_gmt":"2023-06-16T14:41:37","slug":"zfa-online-umfrage-tarifverhandlungen-fuer-zfa-vmf-ruft-zur-teilnahme-an-online-umfrage-auf","status":"publish","type":"post","link":"https:\/\/iuzb.de\/?p=42363","title":{"rendered":"VmF: ZFA Online-Umfrage bis 18.06.2023 &#8211; wichtig f\u00fcr die kommenden Tarifverhandlungen"},"content":{"rendered":"<p style=\"text-align: justify;\">Am 30. Juni stehen die n\u00e4chsten Tarifverhandlungen f\u00fcr Zahnmedizinische Fachangestellte (ZFA) auf der Tagesordnung der beiden Verhandlungspartner:<\/p>\n<ul style=\"text-align: justify;\">\n<li style=\"text-align: justify;\">Verband medizinischer Fachberufe e.V. (vmf)<\/li>\n<li style=\"text-align: justify;\">und Arbeitsgemeinschaft zur Regelung der Arbeitsbedingungen f\u00fcr Zahnmedizinische Fachangestellte\/Zahnarzthelfer\/innen (AAZ).<\/li>\n<\/ul>\n<p style=\"text-align: justify;\">Verhandelt wird f\u00fcr die Regionen Hamburg, Hessen, Saarland, Westfalen-Lippe und erstmals auch f\u00fcr Niedersachsen. Hannover gibt damit zugleich seinen Einstand als Verhandlungsort.<\/p>\n<p style=\"text-align: justify;\">Die Vorbereitungen laufen auf Hochtouren, berichtet Hannelore K\u00f6nig, vmf-Pr\u00e4sidentin und Verhandlungsf\u00fchrerin auf Arbeitnehmerseite. \u201eNat\u00fcrlich steht die Erh\u00f6hung der Tarifgeh\u00e4lter ganz oben auf unserer Priorit\u00e4tenliste. Die Inflation hat die 5,5-prozentige Steigerung aus dem vergangenen Jahr zunichte gemacht. Wie alle anderen Besch\u00e4ftigten in Deutschland k\u00e4mpfen auch die Zahnmedizinischen Fachangestellten mit Reallohnverlusten. F\u00fcr sie ist es besonders schmerzhaft, weil die meisten von ihnen immer noch im Niedriglohnsektor arbeiten. Das zeigen zumindest die Angaben des Entgeltatlas aus dem Jahr 2021. Danach erhielten ZFA im Mittel einen Bruttomonatslohn bei Vollzeitbesch\u00e4ftigung von 2.269 Euro.\u201c<\/p>\n<p style=\"text-align: justify;\">Zur Vorbereitung der Tarifkommission hat der Verband medizinischer Fachberufe e.V. eine Umfrage unter ZFA gestartet. Unter<\/p>\n<ul>\n<li style=\"text-align: justify;\"><span style=\"font-size: 12pt;\"><a href=\"https:\/\/www.vmf-online.de\/gehaltsumfrage-zfa-2023\" target=\"_blank\" rel=\"noopener\"><span style=\"font-size: 14pt;\">https:\/\/www.vmf-online.de\/gehaltsumfrage-zfa-2023<\/span><\/a><\/span><\/li>\n<\/ul>\n<p style=\"text-align: justify;\">werden ZFA, die ihre Ausbildung abgeschlossen haben oder als Quereinsteiger*innen in diesem Beruf arbeiten, gebeten, Fragen \u00fcber ihr Gehalt und ihre Arbeitsbedingungen zu beantworten.<\/p>\n<p style=\"text-align: justify;\">\u201eWir brauchen aktuelle Daten und ein Stimmungsbild \u00fcber die gegenw\u00e4rtige Situation bei den ZFA, um in den Verhandlungen gut argumentieren zu k\u00f6nnen. Deshalb rufe ich alle Kolleginnen und Kollegen auf, sich an der Umfrage zu beteiligen\u201c, erg\u00e4nzt Sylvia Gabel, selbst Zahnmedizinische Fachassistentin und Referatsleiterin ZFA im vmf. \u201eWir wollen zudem erfahren, welche weiteren Arbeitsbedingungen wichtig sind, und fragen deshalb beispielsweise auch nach der Zufriedenheit mit den Arbeitszeiten, mit der Wertsch\u00e4tzung und nach Stressmanagement.\u201c Ihr Tipp: \u201eNutzt diese M\u00f6glichkeit und nehmt euch die Zeit, eure Teilnahme ist wichtig.\u201c<\/p>\n<p>Quelle: Verband medizinscher Fachberufe e.V., Pressemitteilung vom 02.06.2023<\/p>\n<p>&nbsp;<\/p>\n<p>&nbsp;<\/p>\n","protected":false},"excerpt":{"rendered":"<p>Am 30. Juni stehen die n\u00e4chsten Tarifverhandlungen f\u00fcr Zahnmedizinische Fachangestellte (ZFA) auf der Tagesordnung der beiden Verhandlungspartner: Verband medizinischer Fachberufe e.V. (vmf) und Arbeitsgemeinschaft zur Regelung der Arbeitsbedingungen f\u00fcr Zahnmedizinische [&#8230;]<\/p>\n","protected":false},"author":13,"featured_media":0,"comment_status":"closed","ping_status":"closed","sticky":false,"template":"","format":"standard","meta":{"ngg_post_thumbnail":0,"iawp_total_views":8,"footnotes":""},"categories":[268,107],"tags":[],"class_list":["post-42363","post","type-post","status-publish","format-standard","hentry","category-vmf","category-zfa"],"_links":{"self":[{"href":"https:\/\/iuzb.de\/index.php?rest_route=\/wp\/v2\/posts\/42363","targetHints":{"allow":["GET"]}}],"collection":[{"href":"https:\/\/iuzb.de\/index.php?rest_route=\/wp\/v2\/posts"}],"about":[{"href":"https:\/\/iuzb.de\/index.php?rest_route=\/wp\/v2\/types\/post"}],"author":[{"embeddable":true,"href":"https:\/\/iuzb.de\/index.php?rest_route=\/wp\/v2\/users\/13"}],"replies":[{"embeddable":true,"href":"https:\/\/iuzb.de\/index.php?rest_route=%2Fwp%2Fv2%2Fcomments&post=42363"}],"version-history":[{"count":10,"href":"https:\/\/iuzb.de\/index.php?rest_route=\/wp\/v2\/posts\/42363\/revisions"}],"predecessor-version":[{"id":42373,"href":"https:\/\/iuzb.de\/index.php?rest_route=\/wp\/v2\/posts\/42363\/revisions\/42373"}],"wp:attachment":[{"href":"https:\/\/iuzb.de\/index.php?rest_route=%2Fwp%2Fv2%2Fmedia&parent=42363"}],"wp:term":[{"taxonomy":"category","embeddable":true,"href":"https:\/\/iuzb.de\/index.php?rest_route=%2Fwp%2Fv2%2Fcategories&post=42363"},{"taxonomy":"post_tag","embeddable":true,"href":"https:\/\/iuzb.de\/index.php?rest_route=%2Fwp%2Fv2%2Ftags&post=42363"}],"curies":[{"name":"wp","href":"https:\/\/api.w.org\/{rel}","templated":true}]}}