{"id":42314,"date":"2023-05-31T15:50:48","date_gmt":"2023-05-31T13:50:48","guid":{"rendered":"https:\/\/iuzb.de\/?p=42314"},"modified":"2023-05-31T18:26:57","modified_gmt":"2023-05-31T16:26:57","slug":"vmf-bis-18-06-2023-neue-umfrage-zur-gehalts-und-arbeitssituation-bei-angestellten-zahntechnikerinnen-in-kuerze-auch-fuer-zfa","status":"publish","type":"post","link":"https:\/\/iuzb.de\/?p=42314","title":{"rendered":"VmF bis 18.06.2023: Neue Umfrage zur Gehalts- und Arbeitssituation bei angestellten Zahntechniker*innen (in K\u00fcrze auch f\u00fcr ZFA!)"},"content":{"rendered":"<p style=\"text-align: justify;\">Der Verband medizinischer Fachberufe e.V. (vmf) hat eine neue Umfrage im Bereich Zahntechnik gestartet. Unter<\/p>\n<ul style=\"text-align: justify;\">\n<li><a href=\"https:\/\/www.vmf-online.de\/gehaltsumfrage-zt-2023\" target=\"_blank\" rel=\"noopener\">https:\/\/www.vmf-online.de\/gehaltsumfrage-zt-2023<\/a><\/li>\n<\/ul>\n<p style=\"text-align: justify;\">werden angestellte Zahntechniker*innen, die ihre Ausbildung abgeschlossen haben oder als Quereinsteiger*innen in diesem Beruf arbeiten, gebeten, Fragen \u00fcber ihr Gehalt und ihre Arbeitsbedingungen zu beantworten. Die Beantwortung der rund 20 Fragen dauert nur wenige Minuten.<\/p>\n<p style=\"text-align: justify;\">\u201eWir rufen die angestellten Zahntechnikerinnen und Zahntechniker auf, sich an dieser Umfrage zu beteiligen\u201c, sagt Karola Will, Referatsleiterin im vmf f\u00fcr Zahntechnik, und erg\u00e4nzt: \u201eAuch Zahntechniker*innen gehen in erster Linie arbeiten, um ihren Lebensunterhalt zu finanzieren. Daf\u00fcr sollte das Gehalt mindestens ausreichen und selbstverst\u00e4ndlich sein. Ob das so ist und was zus\u00e4tzlich zur Zufriedenheit am Arbeitsplatz beitr\u00e4gt, wollen wir mit unserer Umfrage herausfinden. Als Arbeitnehmervertretung ist uns wichtig zu wissen, wo der Schuh am meisten dr\u00fcckt, um konstruktiv und konkret Ideen zur Verbesserung der Arbeitsbedingungen zu entwickeln. Wir wollen die Ergebnisse nutzen, um die Situation der Besch\u00e4ftigten in diesem Handwerk nicht nur gegen\u00fcber den Verantwortlichen in der Politik, sondern auch auf Arbeitgeberseite darzustellen und L\u00f6sungen zu finden. Denn einige Probleme k\u00f6nnen auch direkt gel\u00f6st werden, wenn ein Bewusstsein entstanden ist.\u201c<\/p>\n<p style=\"text-align: justify;\">Die Umfrage ist bis zum 18. Juni 2023 online.<\/p>\n<p>Hinweis: In den n\u00e4chsten Tagen ver\u00f6ffentlichen wir auch eine \u00e4hnliche Umfrage unter Zahnmedizinischen Fachangestellten.<\/p>\n<p>Quelle: Verband medizinischer Fahberufe e.V., Pressemitteilung vom 31.05.2023<\/p>\n<p>&nbsp;<\/p>\n<p>&nbsp;<\/p>\n","protected":false},"excerpt":{"rendered":"<p>Der Verband medizinischer Fachberufe e.V. (vmf) hat eine neue Umfrage im Bereich Zahntechnik gestartet. Unter https:\/\/www.vmf-online.de\/gehaltsumfrage-zt-2023 werden angestellte Zahntechniker*innen, die ihre Ausbildung abgeschlossen haben oder als Quereinsteiger*innen in diesem Beruf [&#8230;]<\/p>\n","protected":false},"author":13,"featured_media":0,"comment_status":"closed","ping_status":"closed","sticky":false,"template":"","format":"standard","meta":{"ngg_post_thumbnail":0,"iawp_total_views":1,"footnotes":""},"categories":[268,107],"tags":[],"class_list":["post-42314","post","type-post","status-publish","format-standard","hentry","category-vmf","category-zfa"],"_links":{"self":[{"href":"https:\/\/iuzb.de\/index.php?rest_route=\/wp\/v2\/posts\/42314","targetHints":{"allow":["GET"]}}],"collection":[{"href":"https:\/\/iuzb.de\/index.php?rest_route=\/wp\/v2\/posts"}],"about":[{"href":"https:\/\/iuzb.de\/index.php?rest_route=\/wp\/v2\/types\/post"}],"author":[{"embeddable":true,"href":"https:\/\/iuzb.de\/index.php?rest_route=\/wp\/v2\/users\/13"}],"replies":[{"embeddable":true,"href":"https:\/\/iuzb.de\/index.php?rest_route=%2Fwp%2Fv2%2Fcomments&post=42314"}],"version-history":[{"count":2,"href":"https:\/\/iuzb.de\/index.php?rest_route=\/wp\/v2\/posts\/42314\/revisions"}],"predecessor-version":[{"id":42316,"href":"https:\/\/iuzb.de\/index.php?rest_route=\/wp\/v2\/posts\/42314\/revisions\/42316"}],"wp:attachment":[{"href":"https:\/\/iuzb.de\/index.php?rest_route=%2Fwp%2Fv2%2Fmedia&parent=42314"}],"wp:term":[{"taxonomy":"category","embeddable":true,"href":"https:\/\/iuzb.de\/index.php?rest_route=%2Fwp%2Fv2%2Fcategories&post=42314"},{"taxonomy":"post_tag","embeddable":true,"href":"https:\/\/iuzb.de\/index.php?rest_route=%2Fwp%2Fv2%2Ftags&post=42314"}],"curies":[{"name":"wp","href":"https:\/\/api.w.org\/{rel}","templated":true}]}}