{"id":42048,"date":"2023-04-22T12:51:15","date_gmt":"2023-04-22T10:51:15","guid":{"rendered":"https:\/\/iuzb.de\/?p=42048"},"modified":"2023-04-22T13:17:30","modified_gmt":"2023-04-22T11:17:30","slug":"iuzb-einladung-zur-1-ordentlichen-mitgliederversammlung-2023-am-23-mai-2023-nicht-oeffentlich","status":"publish","type":"post","link":"https:\/\/iuzb.de\/?p=42048","title":{"rendered":"IUZB: Einladung zur 1. Ordentlichen Mitgliederversammlung 2023"},"content":{"rendered":"<p>Nachfolgende Einladung wurde allen Vereinsmitgliedern per Briefpost und per eMail \u00fcbermittelt.<\/p>\n<p><span style=\"background-color: #ff0000;\">Nach der Vereinssatzung<\/span> ist die Mitgliederversammlung <span style=\"background-color: #ff0000;\">nicht \u00f6ffentlich<\/span>.<\/p>\n<p>=====<\/p>\n<p>&nbsp;<\/p>\n<p><strong>Sehr geehrtes Mitglied,<\/strong><\/p>\n<p>gem\u00e4\u00df \u00a7 12 Ziffer 1. der Satzung laden wir Sie als Mitglied zur Mitgliederversammlung ein:<\/p>\n<ul>\n<li>Datum: Dienstag, 23. Mai 2023<\/li>\n<li>Beginn: 19:00 Uhr<\/li>\n<li>Ort: &#8211; <em>Datenschutz<\/em> &#8211;<\/li>\n<\/ul>\n<p>Die Tagesordnung ist beigef\u00fcgt.<\/p>\n<p>Sofern Sie nicht selbst kommen k\u00f6nnen, haben Sie gem\u00e4\u00df \u00a7 11 Ziffer 1. der Satzung die M\u00f6glichkeit, Ihr Stimmrecht auf ein anderes Mitglied zu \u00fcbertragen. Die \u00dcbertragung muss vom Vollmachtsnehmer durch schriftliche Vollmacht nachgewiesen werden, wobei kein einzelnes Mitglied mehr als f\u00fcnf Stimmen vertreten darf. Ein Vollmachtsentwurf ist beigef\u00fcgt.<\/p>\n<p><strong>Mit freundlichen Gr\u00fc\u00dfen<\/strong><\/p>\n<p><strong>gez. Gerhard Gneist<\/strong><br \/>\n<strong>1. Vorsitzender<\/strong><\/p>\n<p>Anlagen:<br \/>\n1. Tagesordnung<br \/>\n2. Vorschlag f\u00fcr eine Vollmacht<\/p>\n<p>&nbsp;<\/p>\n<p>Tagesordnung:<\/p>\n<table style=\"border-collapse: collapse; width: 100%;\">\n<tbody>\n<tr>\n<td style=\"width: 6.71433%; text-align: left; vertical-align: top;\">1.<\/td>\n<td style=\"width: 93.2857%; vertical-align: top; text-align: justify;\">Er\u00f6ffnung der Mitgliederversammlung durch den 1. Vorsitzenden als Versammlungsleiter:<br \/>\na) Er\u00f6ffnung<br \/>\nb) Begr\u00fc\u00dfung und Feststellung \u00fcber die Zulassung von G\u00e4sten<br \/>\nc) Feststellung der protokollf\u00fchrenden Person<\/td>\n<\/tr>\n<tr>\n<td style=\"width: 6.71433%; text-align: left; vertical-align: top;\">2.<\/td>\n<td style=\"width: 93.2857%; vertical-align: top; text-align: justify;\">Vorl\u00e4ufiger T\u00e4tigkeitsbericht des Vorstands und vorl\u00e4ufiger Finanzbericht des Schatzmeisters aus dem Gesch\u00e4ftsfahr 2022.<br \/>\n<span style=\"font-size: 10pt;\">Hinweis: Es werden bei dieser Mitgliederversammlung noch kein abschlie\u00dfender T\u00e4tigkeitsbericht und kein abschlie\u00dfender Finanzbericht als TOP angesetzt, weil die Gewinnermittlung des Steuerberaters bis zur Mitgliederversammlung noch nicht vorliegen wird. Der T\u00e4tigkeitsbericht und der Finanzbericht und der Entlastungsantrag f\u00fcr den Vorstand f\u00fcr das Gesch\u00e4ftsjahr 2022 werden auf einer sp\u00e4teren ordentlichen Mitgliederversammlung als TOP angesetzt.<\/span><\/td>\n<\/tr>\n<tr>\n<td style=\"width: 6.71433%; text-align: left; vertical-align: top;\">3.<\/td>\n<td style=\"width: 93.2857%; vertical-align: top; text-align: justify;\">Nachwahl Beisitzer im Vorstand:<br \/>\na) Wahl eines Wahlleiters (m\/w\/d)<br \/>\nb) Nachwahl Beisitzer im Vorstand<\/td>\n<\/tr>\n<tr>\n<td style=\"width: 6.71433%; text-align: left; vertical-align: top;\">4.<\/td>\n<td style=\"width: 93.2857%; vertical-align: top; text-align: justify;\">Diskussion: Zukunft der IUZB als Opposition pur?<\/td>\n<\/tr>\n<tr>\n<td style=\"width: 6.71433%; text-align: left; vertical-align: top;\">5.<\/td>\n<td style=\"width: 93.2857%; vertical-align: top; text-align: justify;\">Verantwortung der IUZB-Webseite und deren Kommentarfunktion \/ <strong>Beschluss<\/strong><\/td>\n<\/tr>\n<tr>\n<td style=\"width: 6.71433%; text-align: left; vertical-align: top;\">6.<\/td>\n<td style=\"width: 93.2857%; vertical-align: top; text-align: justify;\">Sonstiges<\/td>\n<\/tr>\n<\/tbody>\n<\/table>\n","protected":false},"excerpt":{"rendered":"<p>Nachfolgende Einladung wurde allen Vereinsmitgliedern per Briefpost und per eMail \u00fcbermittelt. Nach der Vereinssatzung ist die Mitgliederversammlung nicht \u00f6ffentlich. ===== &nbsp; Sehr geehrtes Mitglied, gem\u00e4\u00df \u00a7 12 Ziffer 1. der [&#8230;]<\/p>\n","protected":false},"author":8,"featured_media":0,"comment_status":"closed","ping_status":"closed","sticky":false,"template":"","format":"standard","meta":{"ngg_post_thumbnail":0,"iawp_total_views":0,"footnotes":""},"categories":[48],"tags":[],"class_list":["post-42048","post","type-post","status-publish","format-standard","hentry","category-iuzb"],"_links":{"self":[{"href":"https:\/\/iuzb.de\/index.php?rest_route=\/wp\/v2\/posts\/42048","targetHints":{"allow":["GET"]}}],"collection":[{"href":"https:\/\/iuzb.de\/index.php?rest_route=\/wp\/v2\/posts"}],"about":[{"href":"https:\/\/iuzb.de\/index.php?rest_route=\/wp\/v2\/types\/post"}],"author":[{"embeddable":true,"href":"https:\/\/iuzb.de\/index.php?rest_route=\/wp\/v2\/users\/8"}],"replies":[{"embeddable":true,"href":"https:\/\/iuzb.de\/index.php?rest_route=%2Fwp%2Fv2%2Fcomments&post=42048"}],"version-history":[{"count":8,"href":"https:\/\/iuzb.de\/index.php?rest_route=\/wp\/v2\/posts\/42048\/revisions"}],"predecessor-version":[{"id":42056,"href":"https:\/\/iuzb.de\/index.php?rest_route=\/wp\/v2\/posts\/42048\/revisions\/42056"}],"wp:attachment":[{"href":"https:\/\/iuzb.de\/index.php?rest_route=%2Fwp%2Fv2%2Fmedia&parent=42048"}],"wp:term":[{"taxonomy":"category","embeddable":true,"href":"https:\/\/iuzb.de\/index.php?rest_route=%2Fwp%2Fv2%2Fcategories&post=42048"},{"taxonomy":"post_tag","embeddable":true,"href":"https:\/\/iuzb.de\/index.php?rest_route=%2Fwp%2Fv2%2Ftags&post=42048"}],"curies":[{"name":"wp","href":"https:\/\/api.w.org\/{rel}","templated":true}]}}