{"id":42014,"date":"2023-04-14T17:54:58","date_gmt":"2023-04-14T15:54:58","guid":{"rendered":"https:\/\/iuzb.de\/?p=42014"},"modified":"2023-04-14T17:56:30","modified_gmt":"2023-04-14T15:56:30","slug":"zaek-berlin-prueferinnen-und-pruefer-gesucht-aufruf-an-alle-zahnaerzte-und-zfa","status":"publish","type":"post","link":"https:\/\/iuzb.de\/?p=42014","title":{"rendered":"Z\u00c4K Berlin: Pr\u00fcferinnen und Pr\u00fcfer gesucht &#8211; Aufruf an alle Zahn\u00e4rzte und ZFA"},"content":{"rendered":"<p><a href=\"https:\/\/www.zaek-berlin.de\/presse\/meldungen\/aktuelles\/aktuelles-detail\/article\/prueferinnen-und-pruefer-gesucht-1.html\" target=\"_blank\" rel=\"noopener\"><strong>AUFRUF der Zahn\u00e4rztekammer Berlin vom 13.04.2023:<\/strong><\/a><\/p>\n<p style=\"text-align: justify;\">F\u00fcr die Abschlusspr\u00fcfungen der Zahnmedizinischen Fachangestellten (ZFA) sucht die Zahn\u00e4rztekammer Berlin dringend die Unterst\u00fctzung sowohl von Zahn\u00e4rztinnen oder Zahn\u00e4rzten als auch von erfahrenen ZFA als Pr\u00fcferin oder Pr\u00fcfer.<\/p>\n<p style=\"text-align: justify;\">Haben Sie als Zahnarzt oder ZFA Interesse, unsere Auszubildenden ZFA in der praktischen Abschlusspr\u00fcfung zu pr\u00fcfen? Gerne k\u00f6nnen Sie vorab bei einer Pr\u00fcfung hospitieren, um sich ein eigenes Bild vom Ablauf zu machen.<\/p>\n<p style=\"text-align: justify;\">Gleichzeitig suchen wir Pr\u00fcferinnen und Pr\u00fcfer f\u00fcr die Aufstiegsfortbildungen zu Zahnmedizinischen Verwaltungsassistentinnen und -assistenten, Zahnmedizinischen Prophylaxeassistentinnen und -assistenten und Fachwirtinnen und -wirten f\u00fcr Zahn\u00e4rztliches Praxismanagement.<\/p>\n<p style=\"text-align: justify;\">Die Berufungs-Richtlinien f\u00fcr zahn\u00e4rztliche Mitglieder in Pr\u00fcfungsaussch\u00fcssen finden Sie<\/p>\n<ul>\n<li><a href=\"https:\/\/www.zaek-berlin.de\/dateien\/Content\/Dokumente\/Praxisteam\/ZFA-Grundausbildung\/Richtlinien_Pr%C3%BCfer.pdf\" target=\"_blank\" rel=\"noopener\">hier<\/a><\/li>\n<li><a href=\"https:\/\/www.zaek-berlin.de\/presse\/meldungen\/aktuelles\/aktuelles-detail\/article\/prueferinnen-und-pruefer-gesucht-1.html\" target=\"_blank\" rel=\"noopener\">Kontakt<\/a><\/li>\n<\/ul>\n<p>&nbsp;<\/p>\n<p>&nbsp;<\/p>\n<p>&nbsp;<\/p>\n","protected":false},"excerpt":{"rendered":"<p>AUFRUF der Zahn\u00e4rztekammer Berlin vom 13.04.2023: F\u00fcr die Abschlusspr\u00fcfungen der Zahnmedizinischen Fachangestellten (ZFA) sucht die Zahn\u00e4rztekammer Berlin dringend die Unterst\u00fctzung sowohl von Zahn\u00e4rztinnen oder Zahn\u00e4rzten als auch von erfahrenen ZFA [&#8230;]<\/p>\n","protected":false},"author":13,"featured_media":0,"comment_status":"closed","ping_status":"closed","sticky":false,"template":"","format":"standard","meta":{"ngg_post_thumbnail":0,"iawp_total_views":2,"footnotes":""},"categories":[46,107],"tags":[],"class_list":["post-42014","post","type-post","status-publish","format-standard","hentry","category-zahnaerztekammer-berlin","category-zfa"],"_links":{"self":[{"href":"https:\/\/iuzb.de\/index.php?rest_route=\/wp\/v2\/posts\/42014","targetHints":{"allow":["GET"]}}],"collection":[{"href":"https:\/\/iuzb.de\/index.php?rest_route=\/wp\/v2\/posts"}],"about":[{"href":"https:\/\/iuzb.de\/index.php?rest_route=\/wp\/v2\/types\/post"}],"author":[{"embeddable":true,"href":"https:\/\/iuzb.de\/index.php?rest_route=\/wp\/v2\/users\/13"}],"replies":[{"embeddable":true,"href":"https:\/\/iuzb.de\/index.php?rest_route=%2Fwp%2Fv2%2Fcomments&post=42014"}],"version-history":[{"count":3,"href":"https:\/\/iuzb.de\/index.php?rest_route=\/wp\/v2\/posts\/42014\/revisions"}],"predecessor-version":[{"id":42017,"href":"https:\/\/iuzb.de\/index.php?rest_route=\/wp\/v2\/posts\/42014\/revisions\/42017"}],"wp:attachment":[{"href":"https:\/\/iuzb.de\/index.php?rest_route=%2Fwp%2Fv2%2Fmedia&parent=42014"}],"wp:term":[{"taxonomy":"category","embeddable":true,"href":"https:\/\/iuzb.de\/index.php?rest_route=%2Fwp%2Fv2%2Fcategories&post=42014"},{"taxonomy":"post_tag","embeddable":true,"href":"https:\/\/iuzb.de\/index.php?rest_route=%2Fwp%2Fv2%2Ftags&post=42014"}],"curies":[{"name":"wp","href":"https:\/\/api.w.org\/{rel}","templated":true}]}}