{"id":41921,"date":"2023-04-11T17:12:25","date_gmt":"2023-04-11T15:12:25","guid":{"rendered":"https:\/\/iuzb.de\/?p=41921"},"modified":"2023-04-12T09:53:49","modified_gmt":"2023-04-12T07:53:49","slug":"keine-lust-auf-fachkraeftemangel","status":"publish","type":"post","link":"https:\/\/iuzb.de\/?p=41921","title":{"rendered":"Keine Lust auf Fachkr\u00e4ftemangel?"},"content":{"rendered":"<p style=\"text-align: justify;\"><strong>Bundeskongress des Verbandes medizinischer Fachberufe e.V. mit prominent besetzter Podiumsdiskus<\/strong><\/p>\n<p style=\"text-align: justify;\">Am Freitag und Samstag dieser Woche begeht der Verband medizinischer Fachberufe e.V. (vmf) mit einem zweit\u00e4gigen Bundeskongress im Congress-Centrum W\u00fcrzburg den 60. Jahrestag seiner Gr\u00fcndung.<\/p>\n<p style=\"text-align: justify;\">H\u00f6hepunkt des ersten Tages ist die Jubil\u00e4umsveranstaltung mit einer prominent besetzten Podiumsdiskussion. Unter der Fragestellung: \u201eKeine Lust auf Fachkr\u00e4ftemangel? Wenn Praxen schlie\u00dfen (m\u00fcssen) &#8230;\u201c diskutieren unter anderem der Bundesvorsitzende des Deutscher Haus\u00e4rzteverbandes e.V. Dr. Markus Beier, der Pr\u00e4sident der Bundeszahn\u00e4rztekammer Prof. Dr. Benz, der Pr\u00e4sident des Verbundes unabh\u00e4ngiger Kleintierkliniken, Tierarzt Dr. Dirk Remien, der VDZI-Vorsitzende Dominik Kruchen sowie weitere Vertreterinnen und Vertreter aus der \u00c4rzte- und Zahn\u00e4rzteschaft und anderen Gesundheitsberufen \u00fcber eine nachhaltige und zukunftssichere Daseinsvorsorge im ambulanten Gesundheitswesen und in der Veterin\u00e4rmedizin und die Rolle von Medizinischen, Tiermedizinischen und Zahnmedizinischen Fachangestellten (MFA, TFA, ZFA) sowie Zahntechniker*innen.<\/p>\n<p style=\"text-align: justify;\">\u201eWir freuen uns, dass es gelungen ist, zum Jubil\u00e4um diesen Bundeskongress f\u00fcr unsere Kolleginnen und Kollegen auf die Beine zu stellen\u201c, erkl\u00e4rt Hannelore K\u00f6nig, vmf-Pr\u00e4sidentin, die das Programm gemeinsam mit den Referatsleitungen der Berufe organisiert hat. \u201eWir greifen Fortbildungsangebote aus dem Berufsalltag auf: Sie reichen von A wie Auszubildende finden bis Z wie zahn\u00e4rztliche Abrechnung mit BEMA- und GOZ-Geb\u00fchren. Dabei stehen sowohl fach\u00fcbergreifende Themen, z.B. zur Digitalisierung, zum Notfallmanagement, zu Klimawandel und Gesundheit, Arbeitsschutz und Hautpflege, zum Selbstschutz vor Burn-out, als auch ganz fachspezifische Probleme zur Auswahl.\u201c<\/p>\n<p style=\"text-align: justify;\">\u201eGleichzeitig ist es uns wichtig, auf die Situation und die Rolle unserer Berufsangeh\u00f6rigen aufmerksam zu machen\u201c, so Hannelore K\u00f6nig weiter. \u201eDeshalb haben wir zur Podiumsdiskussion zu diesem Thema eingeladen und freuen uns auf die prominenten G\u00e4ste. In den 60 Jahren seit der Gr\u00fcndung als Berufsverband der Arzthelferinnen im Januar 1963 hat sich die Fachkr\u00e4ftesituation beim Praxispersonal immer wieder ver\u00e4ndert. Heute sind unsere Berufe unmittelbar vom Fachkr\u00e4ftemangel betroffen. Immer wieder h\u00f6ren wir, dass ambulante Operationen oder Vorsorgeuntersuchungen verschoben, Sprechzeiten gek\u00fcrzt, keine Neupatienten mehr aufgenommen werden oder Praxen ganz schlie\u00dfen, weil nicht ausreichend Fachkr\u00e4fte zu finden sind. Diese Entwicklung ist umso bedeutsamer, da sich Zahl der sozialversicherungspflichtig besch\u00e4ftigten MFA, TFA und ZFA allein in den vergangenen zehn Jahren um knapp zehn Prozent erh\u00f6ht. Uns zeigt es: Unsere Berufskolleginnen und -kollegen sind zu einer wichtigen S\u00e4ule geworden, ohne die weder eine Arzt- noch eine Tierarzt- oder Zahnarztpraxis funktioniert. Aber: Die Arbeitsbedingungen haben sich so ver\u00e4ndert, dass sich besonders unter den MFA und ZFA immer mehr Kolleginnen und Kollegen einen anderen Job suchen, in dem sie mindestens das gleiche Gehalt bei wesentlich weniger Stress erhalten.<\/p>\n<p style=\"text-align: justify;\">Es ist positiv, dass immer noch j\u00e4hrlich rund 30.000 junge Menschen eine Ausbildung in diesen wichtigen Berufen starten. Sie darin auch zu halten, sollte Aufgabe der ganzen Gesellschaft sein. Denn ohne mehr Wertsch\u00e4tzung und Anerkennung der Leistung dieser Berufsangeh\u00f6rigen von Seiten der Politik steht das Gesundheitswesen vor dem Kollaps.\u201c<\/p>\n<p style=\"text-align: justify;\">Die vmf-Pr\u00e4sidentin fordert: Die Leistungen der MFA und ZFA m\u00fcssten endlich ber\u00fccksichtigt werden und ausgehandelte Tarifvertr\u00e4ge direkt in die Honorarverhandlungen einflie\u00dfen. Dass dies m\u00f6glich ist, zeige die Novellierung der Geb\u00fchrenordnung f\u00fcr Tier\u00e4rztinnen und Tier\u00e4rzte, durch die eine 19-prozentige Gehaltserh\u00f6hung f\u00fcr TFA vereinbart werden konnte. \u201eWir wollen uns in der Podiumsdiskussion damit auseinandersetzen, welche \u00c4nderungen umgesetzt werden m\u00fcssen, um junge Frauen und M\u00e4nner daf\u00fcr begeistern zu k\u00f6nnen, diese Berufe zu erlernen, echte Karrierechancen zu ergreifen und so der Gesellschaft echten Nutzen zu bringen.\u201c<\/p>\n<p style=\"text-align: justify;\">Quelle: Verband medizinischer Fachberufe, Pressemitteilung vom 11.04.2023<\/p>\n<p style=\"text-align: justify;\">&nbsp;<\/p>\n<p style=\"text-align: justify;\">Details zu den Seminaren und Workshops finden Sie hier:<\/p>\n<ul>\n<li style=\"text-align: justify;\"><a href=\"https:\/\/bundeskongress.vmf-online.de\/\" target=\"_blank\" rel=\"noopener\">https:\/\/bundeskongress.vmf-online.de\/<\/a><\/li>\n<\/ul>\n<p>&nbsp;<\/p>\n","protected":false},"excerpt":{"rendered":"<p>Bundeskongress des Verbandes medizinischer Fachberufe e.V. mit prominent besetzter Podiumsdiskus Am Freitag und Samstag dieser Woche begeht der Verband medizinischer Fachberufe e.V. (vmf) mit einem zweit\u00e4gigen Bundeskongress im Congress-Centrum W\u00fcrzburg [&#8230;]<\/p>\n","protected":false},"author":13,"featured_media":0,"comment_status":"closed","ping_status":"closed","sticky":false,"template":"","format":"standard","meta":{"ngg_post_thumbnail":0,"iawp_total_views":0,"footnotes":""},"categories":[268,107],"tags":[],"class_list":["post-41921","post","type-post","status-publish","format-standard","hentry","category-vmf","category-zfa"],"_links":{"self":[{"href":"https:\/\/iuzb.de\/index.php?rest_route=\/wp\/v2\/posts\/41921","targetHints":{"allow":["GET"]}}],"collection":[{"href":"https:\/\/iuzb.de\/index.php?rest_route=\/wp\/v2\/posts"}],"about":[{"href":"https:\/\/iuzb.de\/index.php?rest_route=\/wp\/v2\/types\/post"}],"author":[{"embeddable":true,"href":"https:\/\/iuzb.de\/index.php?rest_route=\/wp\/v2\/users\/13"}],"replies":[{"embeddable":true,"href":"https:\/\/iuzb.de\/index.php?rest_route=%2Fwp%2Fv2%2Fcomments&post=41921"}],"version-history":[{"count":1,"href":"https:\/\/iuzb.de\/index.php?rest_route=\/wp\/v2\/posts\/41921\/revisions"}],"predecessor-version":[{"id":41922,"href":"https:\/\/iuzb.de\/index.php?rest_route=\/wp\/v2\/posts\/41921\/revisions\/41922"}],"wp:attachment":[{"href":"https:\/\/iuzb.de\/index.php?rest_route=%2Fwp%2Fv2%2Fmedia&parent=41921"}],"wp:term":[{"taxonomy":"category","embeddable":true,"href":"https:\/\/iuzb.de\/index.php?rest_route=%2Fwp%2Fv2%2Fcategories&post=41921"},{"taxonomy":"post_tag","embeddable":true,"href":"https:\/\/iuzb.de\/index.php?rest_route=%2Fwp%2Fv2%2Ftags&post=41921"}],"curies":[{"name":"wp","href":"https:\/\/api.w.org\/{rel}","templated":true}]}}