{"id":41853,"date":"2023-04-03T14:24:55","date_gmt":"2023-04-03T12:24:55","guid":{"rendered":"https:\/\/iuzb.de\/?p=41853"},"modified":"2023-04-03T14:28:36","modified_gmt":"2023-04-03T12:28:36","slug":"brand-im-vivantes-klinikum-am-urban-feueralarm-in-der-nacht-zu-montag-ausgeloest","status":"publish","type":"post","link":"https:\/\/iuzb.de\/?p=41853","title":{"rendered":"Brand im Vivantes Klinikum Am Urban &#8211; Feueralarm in der Nacht zu Montag ausgel\u00f6st &#8211; Tatverd\u00e4chtiger festgenommen"},"content":{"rendered":"<p style=\"text-align: justify;\">Heute Nacht wurde im Klinikum Am Urban um 00:06 Feueralarm ausgel\u00f6st. Feuerwehr und Polizei waren wenige Minuten sp\u00e4ter im Haus.<\/p>\n<p style=\"text-align: justify;\">Im Flur der 2. Etage vor den Aufz\u00fcgen <strong>brannten mehrere leere Patientenbetten<\/strong> unter starker Rauchentwicklung. Vorsorglich wurden in der Nacht Patient*innen aus der Rettungsstelle und drei weiteren Stationen in der Haupthalle versorgt. Seit dem fr\u00fchen Morgen l\u00e4uft der Stationsbetrieb wieder ohne Beeintr\u00e4chtigung. Die Brandursache wird jetzt von der Kriminalpolizei ermittelt.<\/p>\n<p style=\"text-align: justify;\">Eine Patientin, die eine Rauchvergiftung erlitten hat, ist inzwischen wieder auf dem Weg der Besserung. Sieben Pflegekr\u00e4fte, die ebenfalls Rauch eingeatmet hatten, wurden behandelt und konnten bereits am Morgen das Krankenhaus wieder verlassen.<\/p>\n<p style=\"text-align: justify;\">Vivantes dankt allen Einsatzkr\u00e4ften und Mitarbeiter*innen f\u00fcr ihren schnellen, mutigen und professionellen Einsatz.<\/p>\n<p>Quelle: Vivantes, <a href=\"https:\/\/www.vivantes.de\/unternehmen\/presse\/pressemitteilungen\/presse-detail\/news\/brand-im-vivantes-klinikum-am-urban\" target=\"_blank\" rel=\"noopener\">Pressemitteilung<\/a> vom 03.04.2023<\/p>\n<p>&nbsp;<\/p>\n<p>&nbsp;<\/p>\n<p><strong>Schwere Brandstiftung im Krankenhaus \u2013 Tatverd\u00e4chtiger festgenommen<\/strong><\/p>\n<p style=\"text-align: justify;\">In der vergangenen Nacht wurden Einsatzkr\u00e4fte wegen einer besonders schweren Brandstiftung ins Krankenhaus Am Urban in die Dieffenbachstra\u00dfe nach Kreuzberg alarmiert. Nach ersten Erkenntnissen soll ein 48-j\u00e4hriger Mann gegen 0.10 Uhr zwei Krankenhausbetten im zweiten Obergeschoss in Brand gesteckt haben. Ferner habe er versucht, im Foyer einen M\u00fclleimer anzuz\u00fcnden. Dies konnte jedoch durch eintreffende Kr\u00e4fte der Feuerwehr verhindert werden. Mehrere Personen erlitten Rauchgasintoxikationen und wurden zur weiteren Behandlung in andere Krankenh\u00e4user verbracht. Eine Frau, welche aus einem Aufzug befreit werden musste, erlitt eine schwere Rauchgasintoxikation. Mehrere Stationen wurden w\u00e4hrend der L\u00f6scharbeiten evakuiert, auch die Rettungsstelle war bis zum Ende der Ma\u00dfnahmen gegen 3 Uhr au\u00dfer Betrieb. Der Tatverd\u00e4chtige konnte festgenommen und f\u00fcr ein Brandkommissariat des Landeskriminalamts eingeliefert werden, welches auch die weiteren Ermittlungen f\u00fchrt.<\/p>\n<p>Quelle: Polizei Berlin, <a href=\"https:\/\/www.berlin.de\/polizei\/polizeimeldungen\/2023\/pressemitteilung.1310957.php\" target=\"_blank\" rel=\"noopener\">Meldung Nr. 0483 vom 03.04.2023<\/a><\/p>\n<p>&nbsp;<\/p>\n<p>&nbsp;<\/p>\n","protected":false},"excerpt":{"rendered":"<p>Heute Nacht wurde im Klinikum Am Urban um 00:06 Feueralarm ausgel\u00f6st. Feuerwehr und Polizei waren wenige Minuten sp\u00e4ter im Haus. Im Flur der 2. Etage vor den Aufz\u00fcgen brannten mehrere [&#8230;]<\/p>\n","protected":false},"author":13,"featured_media":0,"comment_status":"closed","ping_status":"closed","sticky":false,"template":"","format":"standard","meta":{"ngg_post_thumbnail":0,"iawp_total_views":2,"footnotes":""},"categories":[177,284],"tags":[],"class_list":["post-41853","post","type-post","status-publish","format-standard","hentry","category-berlin","category-vivantes"],"_links":{"self":[{"href":"https:\/\/iuzb.de\/index.php?rest_route=\/wp\/v2\/posts\/41853","targetHints":{"allow":["GET"]}}],"collection":[{"href":"https:\/\/iuzb.de\/index.php?rest_route=\/wp\/v2\/posts"}],"about":[{"href":"https:\/\/iuzb.de\/index.php?rest_route=\/wp\/v2\/types\/post"}],"author":[{"embeddable":true,"href":"https:\/\/iuzb.de\/index.php?rest_route=\/wp\/v2\/users\/13"}],"replies":[{"embeddable":true,"href":"https:\/\/iuzb.de\/index.php?rest_route=%2Fwp%2Fv2%2Fcomments&post=41853"}],"version-history":[{"count":5,"href":"https:\/\/iuzb.de\/index.php?rest_route=\/wp\/v2\/posts\/41853\/revisions"}],"predecessor-version":[{"id":41858,"href":"https:\/\/iuzb.de\/index.php?rest_route=\/wp\/v2\/posts\/41853\/revisions\/41858"}],"wp:attachment":[{"href":"https:\/\/iuzb.de\/index.php?rest_route=%2Fwp%2Fv2%2Fmedia&parent=41853"}],"wp:term":[{"taxonomy":"category","embeddable":true,"href":"https:\/\/iuzb.de\/index.php?rest_route=%2Fwp%2Fv2%2Fcategories&post=41853"},{"taxonomy":"post_tag","embeddable":true,"href":"https:\/\/iuzb.de\/index.php?rest_route=%2Fwp%2Fv2%2Ftags&post=41853"}],"curies":[{"name":"wp","href":"https:\/\/api.w.org\/{rel}","templated":true}]}}