{"id":41738,"date":"2023-03-31T22:01:46","date_gmt":"2023-03-31T20:01:46","guid":{"rendered":"https:\/\/iuzb.de\/?p=41738"},"modified":"2023-04-01T22:03:16","modified_gmt":"2023-04-01T20:03:16","slug":"bag-die-kuendigung-einer-nicht-gegen-das-coronavirus-geimpften-arzthelferin-zum-schutz-von-patientinnen-im-krankenhaus-ist-rechtmaessig","status":"publish","type":"post","link":"https:\/\/iuzb.de\/?p=41738","title":{"rendered":"BAG: Die K\u00fcndigung einer nicht gegen das Coronavirus geimpften Arzthelferin zum Schutz von Patient:innen im Krankenhaus ist rechtm\u00e4\u00dfig"},"content":{"rendered":"<p style=\"text-align: justify;\"><strong>K\u00fcndigung einer nicht gegen das Coronavirus geimpften medizinischen Fachangestellten<\/strong><\/p>\n<p style=\"text-align: justify;\">Die K\u00fcndigung des Arbeitsverh\u00e4ltnisses einer nicht gegen das Coronavirus SARS-CoV-2 geimpften medizinischen Fachangestellten zum Schutz von Patienten und der \u00fcbrigen Belegschaft vor einer Infektion verst\u00f6\u00dft nicht gegen das Ma\u00dfregelungsverbot des <a href=\"https:\/\/dejure.org\/gesetze\/BGB\/612a.html\" target=\"_blank\" rel=\"noopener\">\u00a7 612a BGB<\/a>.<\/p>\n<p style=\"text-align: justify;\">Die Kl\u00e4gerin arbeitete seit dem 1. Februar 2021 als medizinische Fachangestellte bei der Beklagten, die ein Krankenhaus betreibt. Die Kl\u00e4gerin wurde auf verschiedenen Stationen in der Patientenversorgung eingesetzt. Sie war nicht bereit, sich einer Impfung gegen SARS-CoV-2 zu unterziehen und nahm entsprechende Impfangebote ihrer Arbeitgeberin nicht wahr. Die Beklagte k\u00fcndigte das Arbeitsverh\u00e4ltnis innerhalb der Wartezeit des <a href=\"https:\/\/dejure.org\/gesetze\/KSchG\/1.html\" target=\"_blank\" rel=\"noopener\">\u00a7 1 Abs. 1 KSchG<\/a> mit Schreiben vom 22. Juli 2021 ordentlich fristgem\u00e4\u00df zum 31. August 2021. Hiergegen hat sich die Kl\u00e4gerin mit ihrer Klage gewandt und insbesondere geltend gemacht, die K\u00fcndigung versto\u00dfe gegen das Ma\u00dfregelungsverbot des \u00a7 612a BGB. Vor Wirksamwerden der ab dem 15. M\u00e4rz 2022 geltenden Pflicht zur Vorlage eines Impf- oder Genesenennachweises f\u00fcr das Krankenhauspersonal (vgl. \u00a7 20a IfSG) sei sie nicht zu einer Impfung verpflichtet gewesen.<\/p>\n<p style=\"text-align: justify;\">Das Landesarbeitsgericht hat die Klage abgewiesen. Die Revision der Kl\u00e4gerin hatte vor dem Zweiten Senat des Bundesarbeitsgerichts keinen Erfolg. Das Berufungsgericht hat zutreffend angenommen, dass die K\u00fcndigung nicht gegen das Ma\u00dfregelungsverbot des \u00a7 612a BGB verst\u00f6\u00dft. Es fehlt an der daf\u00fcr erforderlichen Kausalit\u00e4t zwischen der Aus\u00fcbung von Rechten durch den Arbeitnehmer und der benachteiligenden Ma\u00dfnahme des Arbeitgebers. Das wesentliche Motiv f\u00fcr die K\u00fcndigung war nicht die Weigerung der Kl\u00e4gerin, sich einer Impfung gegen SARS-CoV-2 zu unterziehen, sondern der beabsichtigte Schutz der Krankenhauspatienten und der \u00fcbrigen Belegschaft vor einer Infektion durch nicht geimpftes medizinisches Fachpersonal. Dabei ist es rechtlich ohne Bedeutung, dass die K\u00fcndigung vor Inkrafttreten der gesetzlichen Impfpflicht erkl\u00e4rt worden ist. Auch unter verfassungsrechtlichen Gesichtspunkten bestehen keine Bedenken an der Wirksamkeit der K\u00fcndigung.<\/p>\n<p style=\"text-align: justify;\">Quelle: Bundesarbeitsgericht, <a href=\"https:\/\/www.bundesarbeitsgericht.de\/presse\/kuendigung-einer-nicht-gegen-das-coronavirus-geimpften-medizinischen-fachangestellten\/\" target=\"_blank\" rel=\"noopener\">Pressemitteilung vom 30.03.2023<\/a> zu \u2013 2 AZR 309\/22 \u2013<\/p>\n<p>&nbsp;<\/p>\n<p>&nbsp;<\/p>\n","protected":false},"excerpt":{"rendered":"<p>K\u00fcndigung einer nicht gegen das Coronavirus geimpften medizinischen Fachangestellten Die K\u00fcndigung des Arbeitsverh\u00e4ltnisses einer nicht gegen das Coronavirus SARS-CoV-2 geimpften medizinischen Fachangestellten zum Schutz von Patienten und der \u00fcbrigen Belegschaft [&#8230;]<\/p>\n","protected":false},"author":13,"featured_media":0,"comment_status":"closed","ping_status":"closed","sticky":false,"template":"","format":"standard","meta":{"ngg_post_thumbnail":0,"iawp_total_views":0,"footnotes":""},"categories":[163,265],"tags":[],"class_list":["post-41738","post","type-post","status-publish","format-standard","hentry","category-bag","category-corona"],"_links":{"self":[{"href":"https:\/\/iuzb.de\/index.php?rest_route=\/wp\/v2\/posts\/41738","targetHints":{"allow":["GET"]}}],"collection":[{"href":"https:\/\/iuzb.de\/index.php?rest_route=\/wp\/v2\/posts"}],"about":[{"href":"https:\/\/iuzb.de\/index.php?rest_route=\/wp\/v2\/types\/post"}],"author":[{"embeddable":true,"href":"https:\/\/iuzb.de\/index.php?rest_route=\/wp\/v2\/users\/13"}],"replies":[{"embeddable":true,"href":"https:\/\/iuzb.de\/index.php?rest_route=%2Fwp%2Fv2%2Fcomments&post=41738"}],"version-history":[{"count":1,"href":"https:\/\/iuzb.de\/index.php?rest_route=\/wp\/v2\/posts\/41738\/revisions"}],"predecessor-version":[{"id":41739,"href":"https:\/\/iuzb.de\/index.php?rest_route=\/wp\/v2\/posts\/41738\/revisions\/41739"}],"wp:attachment":[{"href":"https:\/\/iuzb.de\/index.php?rest_route=%2Fwp%2Fv2%2Fmedia&parent=41738"}],"wp:term":[{"taxonomy":"category","embeddable":true,"href":"https:\/\/iuzb.de\/index.php?rest_route=%2Fwp%2Fv2%2Fcategories&post=41738"},{"taxonomy":"post_tag","embeddable":true,"href":"https:\/\/iuzb.de\/index.php?rest_route=%2Fwp%2Fv2%2Ftags&post=41738"}],"curies":[{"name":"wp","href":"https:\/\/api.w.org\/{rel}","templated":true}]}}