{"id":41417,"date":"2023-03-14T08:58:52","date_gmt":"2023-03-14T07:58:52","guid":{"rendered":"https:\/\/iuzb.de\/?p=41417"},"modified":"2023-03-14T09:00:28","modified_gmt":"2023-03-14T08:00:28","slug":"koalitionsverhandlungen-im-land-berlin-verhandelt-die-lobby-gleich-mit","status":"publish","type":"post","link":"https:\/\/iuzb.de\/?p=41417","title":{"rendered":"Koalitionsverhandlungen im Land Berlin: Verhandelt die Lobby gleich mit?"},"content":{"rendered":"<p>Fragt heute der Tagesspiegel:<\/p>\n<ul>\n<li><a href=\"https:\/\/www.tagesspiegel.de\/berlin\/verhandelt-die-lobby-gleich-mit-berliner-koalitionsgesprache-zwischen-einflussnahme-und-expertise-9492959.html\" target=\"_blank\" rel=\"noopener\">Berliner Koalitionsgespr\u00e4che zwischen Einflussnahme und Expertise<\/a><\/li>\n<\/ul>\n<p>Seit Montag verhandeln knapp 230 Vertreter von CDU und SPD in<\/p>\n<ul>\n<li><a href=\"https:\/\/www.tagesspiegel.de\/berlin\/koalitionsgesprache-ab-dieser-woche-das-sind-die-verhandler-von-cdu-und-spd-in-berlin-9464087.html\" target=\"_blank\" rel=\"noopener\">13 Arbeitsgruppen<\/a><\/li>\n<\/ul>\n<p>die Details des Koalitionsvertrags.<\/p>\n<p><strong>AG 10: Gesundheit und Pflege*<\/strong><\/p>\n<ul>\n<li>CDU: Falko Liecke, Axel Ekkernkamp, Christian Gr\u00e4ff, Lilith Langner, <strong>Delia Strunz<\/strong>, Detlef Wagner, Claudia Wein, Christian Zander<\/li>\n<li>SPD: Bettina K\u00f6nig, Susanne Pape, Martin Matz, Fabian Fischer, Boris Velter, <strong>Kai Gudra<\/strong>, Christopher J\u00e4schke, Thomas Isenberg<\/li>\n<\/ul>\n<p><strong>AG 11: Wissenschaft und Hochschulen<\/strong><\/p>\n<ul>\n<li>CDU: Adrian Grasse, Maria Bering, Alan Cadmus, Beate Jochimsen, Matthias Graf von Kielmansegg, Ludwig Kronthaler, Axel R. Pries, Andreas Zaby<\/li>\n<li>SPD: Ina Czyborra, Matthias Trenczek, Ruppert St\u00fcwe, Lars Overdieck, Cornelius Brandmiller, Stefanie Molthagen-Schn\u00f6ring, Hendrik K\u00fcpper, Christian Hingst<\/li>\n<\/ul>\n<p>&nbsp;<\/p>\n<blockquote><p>*Selbiges gilt demnach auch f\u00fcr <strong>Delia Strunz<\/strong>. Die in der Vergangenheit beim Pharmakonzern AstraZeneca angestellte Strunz arbeitet aktuell als Director Government Affairs &amp; Policy Germany im Berliner B\u00fcro des Gesundheitskonzerns Johnson &amp; Johnson. F\u00fcr die CDU sitzt sie in der Fachgruppe Gesundheit und Pflege.<\/p>\n<p>In der AG Gesundheit hat <strong>Kai Gudra-Mangold<\/strong> ein Wort mitzureden. Er ist laut seinem Linkedin-Profil beruflich f\u00fcr die Krankenkasse Barmer als Referent f\u00fcr politische Grundsatzfragen t\u00e4tig und leitet die SPD-interne Arbeitsgruppe Gesundheitswesen.<\/p><\/blockquote>\n","protected":false},"excerpt":{"rendered":"<p>Fragt heute der Tagesspiegel: Berliner Koalitionsgespr\u00e4che zwischen Einflussnahme und Expertise Seit Montag verhandeln knapp 230 Vertreter von CDU und SPD in 13 Arbeitsgruppen die Details des Koalitionsvertrags. AG 10: Gesundheit [&#8230;]<\/p>\n","protected":false},"author":13,"featured_media":0,"comment_status":"open","ping_status":"closed","sticky":false,"template":"","format":"standard","meta":{"ngg_post_thumbnail":0,"iawp_total_views":4,"footnotes":""},"categories":[177],"tags":[],"class_list":["post-41417","post","type-post","status-publish","format-standard","hentry","category-berlin"],"_links":{"self":[{"href":"https:\/\/iuzb.de\/index.php?rest_route=\/wp\/v2\/posts\/41417","targetHints":{"allow":["GET"]}}],"collection":[{"href":"https:\/\/iuzb.de\/index.php?rest_route=\/wp\/v2\/posts"}],"about":[{"href":"https:\/\/iuzb.de\/index.php?rest_route=\/wp\/v2\/types\/post"}],"author":[{"embeddable":true,"href":"https:\/\/iuzb.de\/index.php?rest_route=\/wp\/v2\/users\/13"}],"replies":[{"embeddable":true,"href":"https:\/\/iuzb.de\/index.php?rest_route=%2Fwp%2Fv2%2Fcomments&post=41417"}],"version-history":[{"count":3,"href":"https:\/\/iuzb.de\/index.php?rest_route=\/wp\/v2\/posts\/41417\/revisions"}],"predecessor-version":[{"id":41420,"href":"https:\/\/iuzb.de\/index.php?rest_route=\/wp\/v2\/posts\/41417\/revisions\/41420"}],"wp:attachment":[{"href":"https:\/\/iuzb.de\/index.php?rest_route=%2Fwp%2Fv2%2Fmedia&parent=41417"}],"wp:term":[{"taxonomy":"category","embeddable":true,"href":"https:\/\/iuzb.de\/index.php?rest_route=%2Fwp%2Fv2%2Fcategories&post=41417"},{"taxonomy":"post_tag","embeddable":true,"href":"https:\/\/iuzb.de\/index.php?rest_route=%2Fwp%2Fv2%2Ftags&post=41417"}],"curies":[{"name":"wp","href":"https:\/\/api.w.org\/{rel}","templated":true}]}}