{"id":41234,"date":"2023-02-20T17:27:52","date_gmt":"2023-02-20T16:27:52","guid":{"rendered":"https:\/\/iuzb.de\/?p=41234"},"modified":"2023-03-20T08:09:49","modified_gmt":"2023-03-20T07:09:49","slug":"im-gespraech-mit-dem-kzv-vorstand","status":"publish","type":"post","link":"https:\/\/iuzb.de\/?p=41234","title":{"rendered":"Im Gespr\u00e4ch mit dem KZV-Vorstand"},"content":{"rendered":"<p><strong><span style=\"color: #ff0000;\">Ein lesenswerter Redaktionsartikel der KZV Berlin:<\/span><\/strong><\/p>\n<p style=\"text-align: justify;\">Am 23. Januar 2023 w\u00e4hlte die Vertreterversammlung der Kassenzahn\u00e4rztlichen Vereinigung (KZV) Berlin in ihrer konstituierenden Sitzung den Vorstand der KZV Berlin f\u00fcr die Amtsperiode von 2023 bis 2028.<\/p>\n<p style=\"text-align: justify;\">Wir sprachen mit <strong>Karsten Geist<\/strong>, <strong>Dr. Andreas Hessberger<\/strong> und <strong>Dr. Jana Lo Scalzo<\/strong> \u00fcber Selbstverst\u00e4ndnis, Aufgaben und k\u00fcnftige Projekte der (vertrags-)zahn\u00e4rztlichen Vertretung.<\/p>\n<ul>\n<li style=\"text-align: justify;\"><a href=\"https:\/\/news.kzv-berlin.de\/detail\/nachricht\/im-gespraech-mit-dem-kzv-vorstand\" target=\"_blank\" rel=\"noopener\"><span style=\"font-size: 14pt;\">LESEN<\/span><\/a><\/li>\n<\/ul>\n<p>&nbsp;<\/p>\n<p>&nbsp;<\/p>\n","protected":false},"excerpt":{"rendered":"<p>Ein lesenswerter Redaktionsartikel der KZV Berlin: Am 23. Januar 2023 w\u00e4hlte die Vertreterversammlung der Kassenzahn\u00e4rztlichen Vereinigung (KZV) Berlin in ihrer konstituierenden Sitzung den Vorstand der KZV Berlin f\u00fcr die Amtsperiode [&#8230;]<\/p>\n","protected":false},"author":13,"featured_media":0,"comment_status":"open","ping_status":"closed","sticky":false,"template":"","format":"standard","meta":{"ngg_post_thumbnail":0,"iawp_total_views":1,"footnotes":""},"categories":[45,237],"tags":[],"class_list":["post-41234","post","type-post","status-publish","format-standard","hentry","category-kzv-berlin","category-vorstand-kzv"],"_links":{"self":[{"href":"https:\/\/iuzb.de\/index.php?rest_route=\/wp\/v2\/posts\/41234","targetHints":{"allow":["GET"]}}],"collection":[{"href":"https:\/\/iuzb.de\/index.php?rest_route=\/wp\/v2\/posts"}],"about":[{"href":"https:\/\/iuzb.de\/index.php?rest_route=\/wp\/v2\/types\/post"}],"author":[{"embeddable":true,"href":"https:\/\/iuzb.de\/index.php?rest_route=\/wp\/v2\/users\/13"}],"replies":[{"embeddable":true,"href":"https:\/\/iuzb.de\/index.php?rest_route=%2Fwp%2Fv2%2Fcomments&post=41234"}],"version-history":[{"count":4,"href":"https:\/\/iuzb.de\/index.php?rest_route=\/wp\/v2\/posts\/41234\/revisions"}],"predecessor-version":[{"id":41243,"href":"https:\/\/iuzb.de\/index.php?rest_route=\/wp\/v2\/posts\/41234\/revisions\/41243"}],"wp:attachment":[{"href":"https:\/\/iuzb.de\/index.php?rest_route=%2Fwp%2Fv2%2Fmedia&parent=41234"}],"wp:term":[{"taxonomy":"category","embeddable":true,"href":"https:\/\/iuzb.de\/index.php?rest_route=%2Fwp%2Fv2%2Fcategories&post=41234"},{"taxonomy":"post_tag","embeddable":true,"href":"https:\/\/iuzb.de\/index.php?rest_route=%2Fwp%2Fv2%2Ftags&post=41234"}],"curies":[{"name":"wp","href":"https:\/\/api.w.org\/{rel}","templated":true}]}}