{"id":41155,"date":"2023-02-15T10:15:22","date_gmt":"2023-02-15T09:15:22","guid":{"rendered":"https:\/\/iuzb.de\/?p=41155"},"modified":"2023-02-15T10:15:58","modified_gmt":"2023-02-15T09:15:58","slug":"g-ba-richtlinie-ueber-massnahmen-zur-verhuetung-von-zahnerkrankungen-bei-pflegebeduerftigen-und-menschen-mit-behinderungen-berichterstattung-durch-die-kzbv","status":"publish","type":"post","link":"https:\/\/iuzb.de\/?p=41155","title":{"rendered":"G-BA: Richtlinie \u00fcber Ma\u00dfnahmen zur Verh\u00fctung von Zahnerkrankungen bei Pflegebed\u00fcrftigen und Menschen mit Behinderungen: Berichterstattung durch die KZBV"},"content":{"rendered":"<p><strong>Inkrafttreten von Beschl\u00fcssen<\/strong><\/p>\n<p>Folgender Beschluss vom 15. Dezember 2022 wurde im Bundesanzeiger ver\u00f6ffentlicht und tritt am 15. Februar 2023 in Kraft:<\/p>\n<ul>\n<li><a href=\"https:\/\/www.g-ba.de\/beschluesse\/5801\/\" target=\"_blank\" rel=\"noopener\">Richtlinie \u00fcber Ma\u00dfnahmen zur Verh\u00fctung von Zahnerkrankungen bei Pflegebed\u00fcrftigen und Menschen mit Behinderungen: Berichterstattung durch die KZBV<\/a><\/li>\n<\/ul>\n<p>&nbsp;<\/p>\n<p>&nbsp;<\/p>\n","protected":false},"excerpt":{"rendered":"<p>Inkrafttreten von Beschl\u00fcssen Folgender Beschluss vom 15. Dezember 2022 wurde im Bundesanzeiger ver\u00f6ffentlicht und tritt am 15. Februar 2023 in Kraft: Richtlinie \u00fcber Ma\u00dfnahmen zur Verh\u00fctung von Zahnerkrankungen bei Pflegebed\u00fcrftigen [&#8230;]<\/p>\n","protected":false},"author":13,"featured_media":0,"comment_status":"open","ping_status":"closed","sticky":false,"template":"","format":"standard","meta":{"ngg_post_thumbnail":0,"iawp_total_views":0,"footnotes":""},"categories":[241,188],"tags":[],"class_list":["post-41155","post","type-post","status-publish","format-standard","hentry","category-gemeinsamer-bundesausschuss","category-medizin"],"_links":{"self":[{"href":"https:\/\/iuzb.de\/index.php?rest_route=\/wp\/v2\/posts\/41155","targetHints":{"allow":["GET"]}}],"collection":[{"href":"https:\/\/iuzb.de\/index.php?rest_route=\/wp\/v2\/posts"}],"about":[{"href":"https:\/\/iuzb.de\/index.php?rest_route=\/wp\/v2\/types\/post"}],"author":[{"embeddable":true,"href":"https:\/\/iuzb.de\/index.php?rest_route=\/wp\/v2\/users\/13"}],"replies":[{"embeddable":true,"href":"https:\/\/iuzb.de\/index.php?rest_route=%2Fwp%2Fv2%2Fcomments&post=41155"}],"version-history":[{"count":2,"href":"https:\/\/iuzb.de\/index.php?rest_route=\/wp\/v2\/posts\/41155\/revisions"}],"predecessor-version":[{"id":41157,"href":"https:\/\/iuzb.de\/index.php?rest_route=\/wp\/v2\/posts\/41155\/revisions\/41157"}],"wp:attachment":[{"href":"https:\/\/iuzb.de\/index.php?rest_route=%2Fwp%2Fv2%2Fmedia&parent=41155"}],"wp:term":[{"taxonomy":"category","embeddable":true,"href":"https:\/\/iuzb.de\/index.php?rest_route=%2Fwp%2Fv2%2Fcategories&post=41155"},{"taxonomy":"post_tag","embeddable":true,"href":"https:\/\/iuzb.de\/index.php?rest_route=%2Fwp%2Fv2%2Ftags&post=41155"}],"curies":[{"name":"wp","href":"https:\/\/api.w.org\/{rel}","templated":true}]}}