{"id":41105,"date":"2023-02-07T17:00:25","date_gmt":"2023-02-07T16:00:25","guid":{"rendered":"https:\/\/iuzb.de\/?p=41105"},"modified":"2023-02-07T17:04:28","modified_gmt":"2023-02-07T16:04:28","slug":"der-praesident-des-bundessozialgerichts-bsg-rainer-schlegel-hat-sich-dafuer-ausgesprochen-dass-auch-mitglieder-berufsstaendischer-versorgungswerke-sowie-beamte-und-richter-in-die-gesetzliche-rent","status":"publish","type":"post","link":"https:\/\/iuzb.de\/?p=41105","title":{"rendered":"Der Pr\u00e4sident des Bundessozialgerichts (BSG), Rainer Schlegel, hat sich daf\u00fcr ausgesprochen, dass auch Mitglieder berufsst\u00e4ndischer Versorgungswerke sowie Beamte und Richter in die gesetzliche Rentenkasse einbezahlen"},"content":{"rendered":"<p>so berichtet heute de FAZ:<\/p>\n<ul>\n<li><a href=\"https:\/\/www.faz.net\/aktuell\/politik\/gerichtspraesident-jeder-soll-in-die-rentenkasse-einzahlen-18660715.html\" target=\"_blank\" rel=\"noopener\">Bundessozialgericht: Jeder soll in die Rentenkasse einzahlen<\/a><\/li>\n<\/ul>\n<p>&nbsp;<\/p>\n<p>&nbsp;<\/p>\n<p>Thematik siehe auch:<\/p>\n<ul>\n<li><a href=\"https:\/\/iuzb.de\/?p=39893\" target=\"_blank\" rel=\"noopener\">Bericht\/Beschl\u00fcsse 73. Deutscher Juristentag September 2022<\/a><\/li>\n<\/ul>\n","protected":false},"excerpt":{"rendered":"<p>so berichtet heute de FAZ: Bundessozialgericht: Jeder soll in die Rentenkasse einzahlen &nbsp; &nbsp; Thematik siehe auch: Bericht\/Beschl\u00fcsse 73. Deutscher Juristentag September 2022<\/p>\n","protected":false},"author":13,"featured_media":0,"comment_status":"open","ping_status":"closed","sticky":false,"template":"","format":"standard","meta":{"ngg_post_thumbnail":0,"iawp_total_views":2,"footnotes":""},"categories":[180],"tags":[],"class_list":["post-41105","post","type-post","status-publish","format-standard","hentry","category-versorgungswerke"],"_links":{"self":[{"href":"https:\/\/iuzb.de\/index.php?rest_route=\/wp\/v2\/posts\/41105","targetHints":{"allow":["GET"]}}],"collection":[{"href":"https:\/\/iuzb.de\/index.php?rest_route=\/wp\/v2\/posts"}],"about":[{"href":"https:\/\/iuzb.de\/index.php?rest_route=\/wp\/v2\/types\/post"}],"author":[{"embeddable":true,"href":"https:\/\/iuzb.de\/index.php?rest_route=\/wp\/v2\/users\/13"}],"replies":[{"embeddable":true,"href":"https:\/\/iuzb.de\/index.php?rest_route=%2Fwp%2Fv2%2Fcomments&post=41105"}],"version-history":[{"count":3,"href":"https:\/\/iuzb.de\/index.php?rest_route=\/wp\/v2\/posts\/41105\/revisions"}],"predecessor-version":[{"id":41108,"href":"https:\/\/iuzb.de\/index.php?rest_route=\/wp\/v2\/posts\/41105\/revisions\/41108"}],"wp:attachment":[{"href":"https:\/\/iuzb.de\/index.php?rest_route=%2Fwp%2Fv2%2Fmedia&parent=41105"}],"wp:term":[{"taxonomy":"category","embeddable":true,"href":"https:\/\/iuzb.de\/index.php?rest_route=%2Fwp%2Fv2%2Fcategories&post=41105"},{"taxonomy":"post_tag","embeddable":true,"href":"https:\/\/iuzb.de\/index.php?rest_route=%2Fwp%2Fv2%2Ftags&post=41105"}],"curies":[{"name":"wp","href":"https:\/\/api.w.org\/{rel}","templated":true}]}}