{"id":4106,"date":"2013-01-11T09:34:18","date_gmt":"2013-01-11T08:34:18","guid":{"rendered":"http:\/\/www.iuzb.org\/wordpress\/?p=4106"},"modified":"2016-11-12T18:25:23","modified_gmt":"2016-11-12T17:25:23","slug":"angestellte-zahnarzte-aufgepasst-befreiung-von-der-rentenversicherungspflicht-muss-bei-arbeitgeberwechsel-neu-beantragt-werden","status":"publish","type":"post","link":"https:\/\/iuzb.de\/?p=4106","title":{"rendered":"Angestellte Zahn\u00e4rzte aufgepasst! \u2013  Befreiung von der Rentenversicherungspflicht muss bei Arbeitgeberwechsel neu beantragt werden!"},"content":{"rendered":"<p>Die Kanzlei Kucklick Wilhelm B\u00f6rger Wolf &amp; S\u00f6llner aus Dresden, weist auf mehrere Urteile (Nummer <a href=\"http:\/\/juris.bundessozialgericht.de\/cgi-bin\/rechtsprechung\/document.py?Gericht=bsg&amp;Art=en&amp;Datum=2012&amp;nr=12699&amp;linked=pm\" target=\"_blank\">3,4 und 5<\/a>) des Bundessozialgerichts vom 31.10.2012 hin:<\/p>\n<blockquote>\n<p style=\"padding-left: 30px;\">\u00c4rzte, Rechtsanw\u00e4lte, Architekten aufgepasst! \u2013<br \/>\nBefreiung von der Rentenversicherungspflicht muss auch bei Arbeitgeberwechsel neu beantragt werden! &#8211; <a href=\"http:\/\/www.dresdner-fachanwaelte.de\/index.php\/aktuelles\/706-aerzte-rechtsanwaelte-architekten-aufgepasst-befreiung-von-der-rentenversicherungspflicht-muss-auch-bei-arbeitgeberwechsel-neu-beantragt-werden\" target=\"_blank\">lesen<\/a><\/p>\n<\/blockquote>\n<p>Beachten Sie dazu bitte auch die Mitteilung des VZB in der MBZ <a href=\"http:\/\/www.zaek-berlin.de\/presse\/mbz-online.html?no_cache=1&amp;cid=1035&amp;did=1776&amp;sechash=b32657d3\" target=\"_blank\">Januar 2013<\/a> auf Seite 25.<\/p>\n<p>&nbsp;<\/p>\n","protected":false},"excerpt":{"rendered":"<p>Die Kanzlei Kucklick Wilhelm B\u00f6rger Wolf &amp; S\u00f6llner aus Dresden, weist auf mehrere Urteile (Nummer 3,4 und 5) des Bundessozialgerichts vom 31.10.2012 hin: \u00c4rzte, Rechtsanw\u00e4lte, Architekten aufgepasst! \u2013 Befreiung von [&#8230;]<\/p>\n","protected":false},"author":13,"featured_media":0,"comment_status":"closed","ping_status":"closed","sticky":false,"template":"","format":"standard","meta":{"ngg_post_thumbnail":0,"iawp_total_views":0,"footnotes":""},"categories":[80,47],"tags":[],"class_list":["post-4106","post","type-post","status-publish","format-standard","hentry","category-bsg","category-versorgungswerk-vzb"],"_links":{"self":[{"href":"https:\/\/iuzb.de\/index.php?rest_route=\/wp\/v2\/posts\/4106","targetHints":{"allow":["GET"]}}],"collection":[{"href":"https:\/\/iuzb.de\/index.php?rest_route=\/wp\/v2\/posts"}],"about":[{"href":"https:\/\/iuzb.de\/index.php?rest_route=\/wp\/v2\/types\/post"}],"author":[{"embeddable":true,"href":"https:\/\/iuzb.de\/index.php?rest_route=\/wp\/v2\/users\/13"}],"replies":[{"embeddable":true,"href":"https:\/\/iuzb.de\/index.php?rest_route=%2Fwp%2Fv2%2Fcomments&post=4106"}],"version-history":[{"count":1,"href":"https:\/\/iuzb.de\/index.php?rest_route=\/wp\/v2\/posts\/4106\/revisions"}],"predecessor-version":[{"id":15503,"href":"https:\/\/iuzb.de\/index.php?rest_route=\/wp\/v2\/posts\/4106\/revisions\/15503"}],"wp:attachment":[{"href":"https:\/\/iuzb.de\/index.php?rest_route=%2Fwp%2Fv2%2Fmedia&parent=4106"}],"wp:term":[{"taxonomy":"category","embeddable":true,"href":"https:\/\/iuzb.de\/index.php?rest_route=%2Fwp%2Fv2%2Fcategories&post=4106"},{"taxonomy":"post_tag","embeddable":true,"href":"https:\/\/iuzb.de\/index.php?rest_route=%2Fwp%2Fv2%2Ftags&post=4106"}],"curies":[{"name":"wp","href":"https:\/\/api.w.org\/{rel}","templated":true}]}}