{"id":41053,"date":"2023-02-01T15:13:56","date_gmt":"2023-02-01T14:13:56","guid":{"rendered":"https:\/\/iuzb.de\/?p=41053"},"modified":"2023-02-08T22:45:50","modified_gmt":"2023-02-08T21:45:50","slug":"08-02-2023-mfa-und-zfa-protesttag-arbeit-ist-mehr-wert-als-ein-danke","status":"publish","type":"post","link":"https:\/\/iuzb.de\/?p=41053","title":{"rendered":"08.02.2023: MFA- und ZFA-Protesttag: Arbeit ist mehr wert als ein \u201eDanke\u201c"},"content":{"rendered":"<p style=\"text-align: justify;\"><span style=\"color: #ff0000;\"><strong>N\u00e4chste Aktion am 8. Februar in Berlin<\/strong><\/span><\/p>\n<p style=\"text-align: justify;\"><strong>Der Verband medizinischer Fachberufe e.V. hat Medizinische und Zahnmedizinische Fachangestellte dazu aufgerufen, am 8. Februar 2023 erneut auf dem Platz vor dem Brandenburger Tor in Berlin zu protestieren. Unterst\u00fctzung erh\u00e4lt er dabei von vielen \u00e4rztlichen und zahn\u00e4rztlichen Institutionen und Verb\u00e4nden, darunter Bundes\u00e4rztekammer, Bundeszahn\u00e4rztekammer, Kassen\u00e4rztliche und Kassenzahn\u00e4rztliche Bundesvereinigung sowie deren Vertretungen in den Bundesl\u00e4ndern, Hartmannbund, Virchowbund, SpiFa, Medi Geno Deutschland und diverse haus- und fach\u00e4rztliche Berufsverb\u00e4nde sowie dem Bundesverband zahnmedizinischer Fachkr\u00e4fte in der Pr\u00e4vention (BVZP).<\/strong><\/p>\n<p style=\"text-align: justify;\">\u201eUnsere Ziele sind klar: Wir fordern angemessene Geh\u00e4lter f\u00fcr die MFA und ZFA in den \u00e4rztlichen und zahn\u00e4rztlichen Praxen, die die Wertsch\u00e4tzung ihrer Leistungen in der Patientenversorgung widerspiegeln\u201c, erl\u00e4utert Hannelore K\u00f6nig die Aktion. \u201eOhne MFA und ZFA funktioniert das ambulante Gesundheitswesen nicht. Das gilt f\u00fcr die Zeit vor, w\u00e4hrend und nach der Pandemie. Doch f\u00fcr die Gesundheitspolitik sind wir nicht sichtbar. Dringend ben\u00f6tigte \u00c4nderungen in der Finanzierung des ambulanten Gesundheitswesens, die es erm\u00f6glichen, dass die Angeh\u00f6rigen dieser Gesundheitsberufe von ihrem Gehalt leben k\u00f6nnen, werden nicht angegangen. F\u00fcr 2021 gibt die Bundesarbeitsagentur f\u00fcr ZFA in Vollzeit ein durchschnittliches Gehalt von weniger als 2.300 Euro[1] an, w\u00e4hrend die Krankenkassen den Sozialversicherungsfachangestellten mehr als 4.200 Euro zahlten, finanziert aus den Sozialbeitr\u00e4gen der Versicherten. Das mittlere Gehalt von MFA betr\u00e4gt 2.655 Euro. Damit liegt es nur 43 Cent \u00fcber dem Mindestlohn f\u00fcr qualifizierte Pflegehilfskr\u00e4fte mit mindestens einj\u00e4hriger Ausbildung.\u201c<\/p>\n<p style=\"text-align: justify;\">Hannelore K\u00f6nig verweist auf die \u00f6ffentliche Petition (ID 117701) \u201e<a href=\"https:\/\/www.mehr-wert-als-ein-danke.de\/\" target=\"_blank\" rel=\"noopener\">Mehr wert als ein ,Danke<\/a>&#8218;\u201c, die der Petitionsausschuss des Deutschen Bundestags am 18. Januar 2023 an das Bundesgesundheitsministerium und das Bundesministerium f\u00fcr Arbeit und Soziales \u00fcberwiesen hat. Einstimmig pl\u00e4diert der Ausschuss darin f\u00fcr bessere Arbeitsbedingungen im Sozial-, Pflege- und Gesundheitswesen. In der Petition wird gefordert, dass mit der Unterfinanzierung und der personellen Unterbesetzung Schluss sein muss. In der Begr\u00fcndung hei\u00dft es dazu: \u201eSoziale Arbeit und das Arbeiten im Sozial-, Pflege- und Gesundheitswesen sind Grundpfeiler f\u00fcr das gesellschaftliche Zusammenleben. Teilhabe, Inklusion, Solidarit\u00e4t und Gesundheit sind Werte, die im Grundgesetz verankert und nicht verhandelbar sind. Am Einsatz f\u00fcr diese Werte m\u00fcssen Politiker*innen und ihre Programme gemessen werden.\u201c<\/p>\n<p style=\"text-align: justify;\">Trotz der Vielzahl von Ma\u00dfnahmen zur Verbesserung der Arbeitsbedingungen f\u00fcr die im Gesundheitswesen Besch\u00e4ftigten, h\u00e4lt der Ausschuss das Anliegen f\u00fcr so bedeutsam, \u201edass es von der Bundesregierung in die Vorbereitung weiterer Gesetzentw\u00fcrfe, Verordnungen und Initiativen einbezogen werden sollte\u201c.<\/p>\n<p style=\"text-align: justify;\">\u201eDie angesprochenen Ma\u00dfnahmen wurden f\u00fcr Pflegekr\u00e4fte auf den Weg gebracht. Sie waren wichtig und \u00fcberf\u00e4llig, aber insbesondere im ambulanten Gesundheitswesen wurden mehr als 550.000 MFA und ZFA immer wieder vergessen. Auch ihre Leistungen sind Grundpfeiler f\u00fcr das gesellschaftliche Zusammenleben und nicht verhandelbar,\u201c nimmt Hannelore K\u00f6nig den Grundgedanken der Petition auf. \u201eDenn immer mehr MFA und ZFA verlassen aufgrund der hohen Stressbelastung, der fehlenden Wertsch\u00e4tzung und der schlechten Geh\u00e4lter ihren Beruf. Erst recht mit Blick auf die aktuelle Inflation. Dies betrifft die Rahmenbedingungen im Erwerbsleben und vor allem im Alter.<\/p>\n<p style=\"text-align: justify;\">Wenn Hubertus Heil als Bundesarbeitsminister im Rahmen der Fachkr\u00e4ftestrategie fordert, dass die Bundesregierung daf\u00fcr sorgen muss, dass Menschen gesund bleiben k\u00f6nnen, dass sie qualifiziert sind, um auch tats\u00e4chlich des gesetzliche Renteneintrittsalter erreichen zu k\u00f6nnen, muss dies auch f\u00fcr unsere Berufe gelten.\u201c<\/p>\n<p style=\"text-align: justify;\"><strong><span style=\"text-decoration: underline;\">Der Verband medizinischer Fachberufe e.V. fordert daher:<\/span><\/strong><\/p>\n<ul>\n<li style=\"text-align: justify;\">Angemessene Geh\u00e4lter, die der Verantwortung f\u00fcr die Gesundheit von Menschen gerecht werden. Die im Grundgesetz verankerter Werte sind auch f\u00fcr MFA und ZFA nicht verhandelbar.<\/li>\n<li style=\"text-align: justify;\">Anerkennung und Wertsch\u00e4tzung der Leistungen von MFA und ZFA in der Patientenversorgung als Gesundheitsberufe.<\/li>\n<li style=\"text-align: justify;\">Gesicherte Finanzierung der ambulanten \u00e4rztlichen und zahn\u00e4rztlichen Regelversorgung, damit die \u00e4rztlichen und zahn\u00e4rztlichen Arbeitgeber im Wettbewerb um die MFA und ZFA als Fachkr\u00e4fte und Berufsexperten wieder konkurrenzf\u00e4hig werden.<\/li>\n<\/ul>\n<p><span style=\"font-size: 8pt;\"><a href=\"mailbox:\/\/\/C:\/Users\/Uwe\/AppData\/Roaming\/Thunderbird\/Profiles\/yc60v240.default-release\/Mail\/Local%20Folders\/Inbox?number=1409#_ftnref1\" name=\"_ftn1\">[1]<\/a> Angaben laut <a href=\"https:\/\/web.arbeitsagentur.de\/entgeltatlas\/beruf\/14705\">https:\/\/web.arbeitsagentur.de\/entgeltatlas\/beruf\/14705<\/a>, Datenstand 2021<\/span><\/p>\n<p>Quelle: Verband medizinischer Fachberufe, <a href=\"https:\/\/www.vmf-online.de\/verband\/presse-news\/2023-02-01-protest\" target=\"_blank\" rel=\"noopener\">Pressemitteilung vom 01.02.2023<\/a><\/p>\n","protected":false},"excerpt":{"rendered":"<p>N\u00e4chste Aktion am 8. Februar in Berlin Der Verband medizinischer Fachberufe e.V. hat Medizinische und Zahnmedizinische Fachangestellte dazu aufgerufen, am 8. Februar 2023 erneut auf dem Platz vor dem Brandenburger [&#8230;]<\/p>\n","protected":false},"author":13,"featured_media":0,"comment_status":"open","ping_status":"closed","sticky":false,"template":"","format":"standard","meta":{"ngg_post_thumbnail":0,"iawp_total_views":0,"footnotes":""},"categories":[268,107],"tags":[],"class_list":["post-41053","post","type-post","status-publish","format-standard","hentry","category-vmf","category-zfa"],"_links":{"self":[{"href":"https:\/\/iuzb.de\/index.php?rest_route=\/wp\/v2\/posts\/41053","targetHints":{"allow":["GET"]}}],"collection":[{"href":"https:\/\/iuzb.de\/index.php?rest_route=\/wp\/v2\/posts"}],"about":[{"href":"https:\/\/iuzb.de\/index.php?rest_route=\/wp\/v2\/types\/post"}],"author":[{"embeddable":true,"href":"https:\/\/iuzb.de\/index.php?rest_route=\/wp\/v2\/users\/13"}],"replies":[{"embeddable":true,"href":"https:\/\/iuzb.de\/index.php?rest_route=%2Fwp%2Fv2%2Fcomments&post=41053"}],"version-history":[{"count":4,"href":"https:\/\/iuzb.de\/index.php?rest_route=\/wp\/v2\/posts\/41053\/revisions"}],"predecessor-version":[{"id":41057,"href":"https:\/\/iuzb.de\/index.php?rest_route=\/wp\/v2\/posts\/41053\/revisions\/41057"}],"wp:attachment":[{"href":"https:\/\/iuzb.de\/index.php?rest_route=%2Fwp%2Fv2%2Fmedia&parent=41053"}],"wp:term":[{"taxonomy":"category","embeddable":true,"href":"https:\/\/iuzb.de\/index.php?rest_route=%2Fwp%2Fv2%2Fcategories&post=41053"},{"taxonomy":"post_tag","embeddable":true,"href":"https:\/\/iuzb.de\/index.php?rest_route=%2Fwp%2Fv2%2Ftags&post=41053"}],"curies":[{"name":"wp","href":"https:\/\/api.w.org\/{rel}","templated":true}]}}