{"id":41046,"date":"2023-01-31T18:23:08","date_gmt":"2023-01-31T17:23:08","guid":{"rendered":"https:\/\/iuzb.de\/?p=41046"},"modified":"2023-01-31T18:23:25","modified_gmt":"2023-01-31T17:23:25","slug":"bag-verjaehrung-von-urlaubsabgeltungen-3-jahre","status":"publish","type":"post","link":"https:\/\/iuzb.de\/?p=41046","title":{"rendered":"BAG: Verj\u00e4hrung von Urlaubsabgeltungen &#8211; 3 Jahre!"},"content":{"rendered":"<p>BAG, 31.01.2023:<\/p>\n<ul>\n<li><a href=\"https:\/\/www.bundesarbeitsgericht.de\/presse\/urlaubsabgeltung-verjaehrung\/\" target=\"_blank\" rel=\"noopener\">Urlaubsabgeltung &#8211; Verj\u00e4hrung<\/a><\/li>\n<li><a href=\"https:\/\/www.bundesarbeitsgericht.de\/presse\/urlaubsabgeltung-tarifvertragliche-ausschlussfrist\/\" target=\"_blank\" rel=\"noopener\">Urlaubsabgeltung &#8211; Tarifvertragliche Ausschlussfrist<\/a><\/li>\n<\/ul>\n<p>Spiegel:<\/p>\n<ul>\n<li><a href=\"https:\/\/www.spiegel.de\/karriere\/bundesarbeitsgericht-zum-verfall-von-urlaubstagen-zahlungsansprueche-fuer-offene-urlaubstage-verjaehren-a-565888ea-b9da-4f74-9319-42343721881a\" target=\"_blank\" rel=\"noopener\">Zahlungsanspr\u00fcche aus Urlaubstagen der Vorjahre verj\u00e4hren innerhalb von drei Jahren, so das Bundesarbeitsgericht. Nach einer Entscheidung im Dezember hatten sich viele Besch\u00e4ftigte Hoffnungen auf bezahlten alten Urlaub gemacht<\/a>.<\/li>\n<\/ul>\n","protected":false},"excerpt":{"rendered":"<p>BAG, 31.01.2023: Urlaubsabgeltung &#8211; Verj\u00e4hrung Urlaubsabgeltung &#8211; Tarifvertragliche Ausschlussfrist Spiegel: Zahlungsanspr\u00fcche aus Urlaubstagen der Vorjahre verj\u00e4hren innerhalb von drei Jahren, so das Bundesarbeitsgericht. Nach einer Entscheidung im Dezember hatten sich [&#8230;]<\/p>\n","protected":false},"author":13,"featured_media":0,"comment_status":"open","ping_status":"closed","sticky":false,"template":"","format":"standard","meta":{"ngg_post_thumbnail":0,"iawp_total_views":0,"footnotes":""},"categories":[342,163,68],"tags":[],"class_list":["post-41046","post","type-post","status-publish","format-standard","hentry","category-arbeitsrecht","category-bag","category-recht"],"_links":{"self":[{"href":"https:\/\/iuzb.de\/index.php?rest_route=\/wp\/v2\/posts\/41046","targetHints":{"allow":["GET"]}}],"collection":[{"href":"https:\/\/iuzb.de\/index.php?rest_route=\/wp\/v2\/posts"}],"about":[{"href":"https:\/\/iuzb.de\/index.php?rest_route=\/wp\/v2\/types\/post"}],"author":[{"embeddable":true,"href":"https:\/\/iuzb.de\/index.php?rest_route=\/wp\/v2\/users\/13"}],"replies":[{"embeddable":true,"href":"https:\/\/iuzb.de\/index.php?rest_route=%2Fwp%2Fv2%2Fcomments&post=41046"}],"version-history":[{"count":2,"href":"https:\/\/iuzb.de\/index.php?rest_route=\/wp\/v2\/posts\/41046\/revisions"}],"predecessor-version":[{"id":41048,"href":"https:\/\/iuzb.de\/index.php?rest_route=\/wp\/v2\/posts\/41046\/revisions\/41048"}],"wp:attachment":[{"href":"https:\/\/iuzb.de\/index.php?rest_route=%2Fwp%2Fv2%2Fmedia&parent=41046"}],"wp:term":[{"taxonomy":"category","embeddable":true,"href":"https:\/\/iuzb.de\/index.php?rest_route=%2Fwp%2Fv2%2Fcategories&post=41046"},{"taxonomy":"post_tag","embeddable":true,"href":"https:\/\/iuzb.de\/index.php?rest_route=%2Fwp%2Fv2%2Ftags&post=41046"}],"curies":[{"name":"wp","href":"https:\/\/api.w.org\/{rel}","templated":true}]}}