{"id":41041,"date":"2023-01-31T08:22:41","date_gmt":"2023-01-31T07:22:41","guid":{"rendered":"https:\/\/iuzb.de\/?p=41041"},"modified":"2023-01-31T08:44:28","modified_gmt":"2023-01-31T07:44:28","slug":"bfh-verfassungsmaessigkeit-des-solidaritaetszuschlags","status":"publish","type":"post","link":"https:\/\/iuzb.de\/?p=41041","title":{"rendered":"BFH: Verfassungsm\u00e4\u00dfigkeit des Solidarit\u00e4tszuschlags"},"content":{"rendered":"<p>BFH, PM vom 30.01.2023 zu IX R 15\/20<\/p>\n<ul>\n<li><a href=\"https:\/\/www.bundesfinanzhof.de\/de\/presse\/pressemeldungen\/detail\/verfassungsmaessigkeit-des-solidaritaetszuschlags\/\" target=\"_blank\" rel=\"noopener\">Verfassungsm\u00e4\u00dfigkeit des Solidarit\u00e4tszuschlags<\/a><\/li>\n<\/ul>\n<p>&nbsp;<\/p>\n<p>&nbsp;<\/p>\n<p style=\"text-align: justify;\">Pro und Contra:<\/p>\n<ul>\n<li style=\"text-align: justify;\">In einem <a href=\"https:\/\/www.focus.de\/finanzen\/der-soli-bleibt-und-muss-verdoppelt-werden_id_184472887.html\" target=\"_blank\" rel=\"noopener\">Gastkommentar auf focus.de<\/a> fordert der Politikwissenschaftler Christoph Butterwegge\u00a0eine Verdopplung des Solidarit\u00e4tszuschlags. Butterwegge weist darauf hin, dass &#8222;der gesellschaftliche Zusammenhalt umso mehr schwindet, je mehr die soziale Ungleichheit w\u00e4chst.&#8220; &#8222;Finanzstarke B\u00fcrger&#8220; sollten in einer Krisensituation f\u00fcr die Demokratie &#8222;mehr Verantwortung f\u00fcr die Staatsfinanzen \u00fcbernehmen&#8220;.<\/li>\n<li style=\"text-align: justify;\"><a href=\"https:\/\/www.spiegel.de\/wirtschaft\/service\/urteil-zum-solidaritaetszuschlag-soli-denkt-euch-was-neues-aus-a-e186d90c-7895-439f-8960-cec4c58b2a12\" target=\"_blank\" rel=\"noopener\">David B\u00f6cking (spiegel.de)<\/a> betont, dass es mit der Einf\u00fchrung eines &#8222;Energie-Soli&#8220; oder der Anhebung des Einkommenssteuertarifs ehrlichere Optionen der Politik g\u00e4be, die richtigerweise vom Bundesfinanzhof anerkannte Solidarit\u00e4t umzusetzen.<\/li>\n<li style=\"text-align: justify;\"><a href=\"https:\/\/www.welt.de\/wirtschaft\/plus243506509\/Soli-Ungleichbehandlung-ist-gerechtfertigt-das-sollten-Sie-wissen.html?source=puerto-reco-2_ABC-V18.0.A_control\" target=\"_blank\" rel=\"noopener\">In der Welt<\/a> behauptet Karsten Seibel, dass die Entscheidung des Bundesfinanzhofs &#8222;das Vertrauen in den Steuerstaat schm\u00e4lert&#8220;, weil nun &#8222;allzu sparunwillige Politiker nach Belieben zus\u00e4tzlich zu den Steuern noch Sonderabgaben erheben k\u00f6nnen, sobald sie mehr Geld ausgeben wollen&#8220;.<\/li>\n<li style=\"text-align: justify;\"><a href=\"https:\/\/www.sueddeutsche.de\/meinung\/bundesfinanzhof-soli-kommentar-1.5741732?reduced=true\" target=\"_blank\" rel=\"noopener\">Lisa Nienhaus (SZ)<\/a> &#8222;bewundert den Mut&#8220; des klagenden Ehepaars, weil sie sich entgegen m\u00f6glicher Anfeindungen der breiten Bev\u00f6lkerung gegen den Solidarit\u00e4tszuschlag wenden, der eine &#8222;verkappte Reichensteuer&#8220; sei. Zwar gebe es gute Gr\u00fcnde zur h\u00f6heren Besteuerung von Besserverdienenden, allerdings m\u00fcsse die Politik eine solche Reichensteuer auch offen kommunizieren.<\/li>\n<\/ul>\n","protected":false},"excerpt":{"rendered":"<p>BFH, PM vom 30.01.2023 zu IX R 15\/20 Verfassungsm\u00e4\u00dfigkeit des Solidarit\u00e4tszuschlags &nbsp; &nbsp; Pro und Contra: In einem Gastkommentar auf focus.de fordert der Politikwissenschaftler Christoph Butterwegge\u00a0eine Verdopplung des Solidarit\u00e4tszuschlags. Butterwegge [&#8230;]<\/p>\n","protected":false},"author":13,"featured_media":0,"comment_status":"open","ping_status":"closed","sticky":false,"template":"","format":"standard","meta":{"ngg_post_thumbnail":0,"iawp_total_views":0,"footnotes":""},"categories":[83,68],"tags":[],"class_list":["post-41041","post","type-post","status-publish","format-standard","hentry","category-bfh","category-recht"],"_links":{"self":[{"href":"https:\/\/iuzb.de\/index.php?rest_route=\/wp\/v2\/posts\/41041","targetHints":{"allow":["GET"]}}],"collection":[{"href":"https:\/\/iuzb.de\/index.php?rest_route=\/wp\/v2\/posts"}],"about":[{"href":"https:\/\/iuzb.de\/index.php?rest_route=\/wp\/v2\/types\/post"}],"author":[{"embeddable":true,"href":"https:\/\/iuzb.de\/index.php?rest_route=\/wp\/v2\/users\/13"}],"replies":[{"embeddable":true,"href":"https:\/\/iuzb.de\/index.php?rest_route=%2Fwp%2Fv2%2Fcomments&post=41041"}],"version-history":[{"count":4,"href":"https:\/\/iuzb.de\/index.php?rest_route=\/wp\/v2\/posts\/41041\/revisions"}],"predecessor-version":[{"id":41045,"href":"https:\/\/iuzb.de\/index.php?rest_route=\/wp\/v2\/posts\/41041\/revisions\/41045"}],"wp:attachment":[{"href":"https:\/\/iuzb.de\/index.php?rest_route=%2Fwp%2Fv2%2Fmedia&parent=41041"}],"wp:term":[{"taxonomy":"category","embeddable":true,"href":"https:\/\/iuzb.de\/index.php?rest_route=%2Fwp%2Fv2%2Fcategories&post=41041"},{"taxonomy":"post_tag","embeddable":true,"href":"https:\/\/iuzb.de\/index.php?rest_route=%2Fwp%2Fv2%2Ftags&post=41041"}],"curies":[{"name":"wp","href":"https:\/\/api.w.org\/{rel}","templated":true}]}}