{"id":41035,"date":"2023-01-31T06:00:40","date_gmt":"2023-01-31T05:00:40","guid":{"rendered":"https:\/\/iuzb.de\/?p=41035"},"modified":"2023-01-31T06:07:56","modified_gmt":"2023-01-31T05:07:56","slug":"sorge-um-schutz-von-patientendaten-klage-eines-arztes-abgewiesen","status":"publish","type":"post","link":"https:\/\/iuzb.de\/?p=41035","title":{"rendered":"Sorge um Schutz von Patienten\u00addaten &#8211; Klage eines Arztes abgewiesen"},"content":{"rendered":"<p>DAWR,\u00a0 31.01.2023:<\/p>\n<ul>\n<li><a href=\"https:\/\/www.anwaltsregister.de\/Rechtsprechung\/Sorge_um_Schutz_von_Patientendaten_-_Klage_eines_Arztes_abgewiesen.d10084.html\" target=\"_blank\" rel=\"noopener\">Sorge um Schutz von Patienten\u00addaten &#8211; Klage eines Arztes abgewiesen<\/a><\/li>\n<\/ul>\n<p>&nbsp;<\/p>\n<p>Sozialgericht M\u00fcnchen, <a href=\"https:\/\/www.sozialgerichtsbarkeit.de\/node\/172753#suchwort=Honorar\" target=\"_blank\" rel=\"noopener\">Az. S 38 KA 5155\/21 vom 09.11.2023<\/a>:<\/p>\n<div class=\"clearfix text-formatted field field--name-field-leitsaetze field--type-text-long field--label-above\">\n<div class=\"field__label\" style=\"text-align: justify;\"><span style=\"text-decoration: underline;\">Leits\u00e4tze<\/span><\/div>\n<div class=\"field__item\">\n<p style=\"text-align: justify;\"><strong>I.<\/strong> Die Honorark\u00fcrzung nach <a title=\"\u00a7 291 SGB V: Elektronische Gesundheitskarte\" href=\"https:\/\/dejure.org\/gesetze\/SGB_V\/291.html\" target=\"_blank\" rel=\"noopener\">\u00a7 291 Abs. 2b S. 9 SGB V<\/a> ist nur dann rechtm\u00e4\u00dfig, wenn die Verpflichtung zur Teilnahme an der Telematikinfrastruktur ihrerseits rechtm\u00e4\u00dfig ist. Dies setzt insbesondere voraus, dass die Regelungen \u00fcber die Telematikinfrastruktur mit h\u00f6herrangigem Recht, insbesondere der Datenschutz-grundverordnung (DSGVO) zu vereinbaren sind (vgl. hierzu Entscheidungen des BSG, Urteil vom 20.01.2021, Az <a title=\"BSG, 20.01.2021 - B 1 KR 7\/20 R: Leistungen der gesetzlichen Krankenversicherung nur mit elektr...\" href=\"https:\/\/dejure.org\/dienste\/vernetzung\/rechtsprechung?Text=B%201%20KR%207\/20%20R\" target=\"_blank\" rel=\"noopener\">B 1 KR 7\/20 R<\/a> und des SG Stuttgart, Urteil vom 27.01.2022, Az <a title=\"SG Stuttgart, 27.01.2022 - S 24 KA 166\/20: Vertrags\u00e4rztliche Versorgung - &lt;span style='background-color: yellow;'&gt;Honorar&lt;\/span&gt;k\u00fcrzung wegen ...\" href=\"https:\/\/dejure.org\/dienste\/vernetzung\/rechtsprechung?Text=S%2024%20KA%20166\/20\" target=\"_blank\" rel=\"noopener\">S 24 KA 166\/20<\/a>).<\/p>\n<p style=\"text-align: justify;\"><strong>II.<\/strong> Zu den wichtigsten zu beachtenden Regelungen in der DSGVO geh\u00f6rt die Sicherheit der Daten. Nach <a title=\"Art. 5 DSGVO: Grunds\u00e4tze f\u00fcr die Verarbeitung personenbezogener Daten\" href=\"https:\/\/dejure.org\/gesetze\/DSGVO\/5.html\" target=\"_blank\" rel=\"noopener\">Art. 5 Abs. 1 Buchst. f DSGVO<\/a> m\u00fcssen die Daten in einer Weise verarbeitet werden, die eine angemessene, nicht aber eine absolute Sicherheit der personenbezogenen Daten gew\u00e4hrleistet. Die Verarbeitung von Daten in den Quartalen des Jahres 2019 beschr\u00e4nkt sich auf einen Online-Abgleich von Daten (<a title=\"\u00a7 291 SGB V: Elektronische Gesundheitskarte\" href=\"https:\/\/dejure.org\/gesetze\/SGB_V\/291.html\" target=\"_blank\" rel=\"noopener\">\u00a7 291 Abs. 2b S. 3 SGB V<\/a>). Es handelt sich um einen Verarbeitungsprozess auf niedrigster Stufe. Je umfangreicher und personenbezogener Daten aber sind, die verarbeitet werden, umso h\u00f6here Anforderungen sind an die Datensicherheit zu stellen.<\/p>\n<p style=\"text-align: justify;\"><strong>III.<\/strong> Durch die vom Gesetzgeber vorgesehenen Kontrollmechanismen der Gematik (insbesondere durch das BSI und die\/den BfDI) ist ein H\u00f6chstma\u00df an Datensicherheit gew\u00e4hrleistet. Hinzu kommt, dass der Gesetzgeber zur Beobachtung und falls erforderlich zur Nachbesserung verpflichtet ist.<\/p>\n<p style=\"text-align: justify;\"><strong>IV.<\/strong> Die Regelungen des <a title=\"\u00a7 291 SGB V: Elektronische Gesundheitskarte\" href=\"https:\/\/dejure.org\/gesetze\/SGB_V\/291.html\" target=\"_blank\" rel=\"noopener\">\u00a7\u00a7 291<\/a> ff. SGB V sind auch mit den allgemeinen Grunds\u00e4tzen der DSGVO (Art. 4, 5, 6) vereinbar.<\/p>\n<p style=\"text-align: justify;\"><strong>V.<\/strong> Der Gesetzgeber ist nicht verpflichtet, der Gematik eine gemeinsame Verantwortlichkeit nach <a title=\"Art. 26 DSGVO: Gemeinsam Verantwortliche\" href=\"https:\/\/dejure.org\/gesetze\/DSGVO\/26.html\" target=\"_blank\" rel=\"noopener\">Art. 26 Abs. 1 S. 2 DSGVO<\/a> zuzuweisen. Abgesehen davon w\u00e4ren zahlreiche Individualvereinbarungen zwischen den einzelnen Mitverantwortlichen erforderlich, was so nicht umsetzbar ist.<\/p>\n<p style=\"text-align: justify;\"><strong>VI.<\/strong> Die Regelungen \u00fcber die Telmatikinfrastruktur (<a title=\"\u00a7 291 SGB V: Elektronische Gesundheitskarte\" href=\"https:\/\/dejure.org\/gesetze\/SGB_V\/291.html\" target=\"_blank\" rel=\"noopener\">\u00a7\u00a7 291<\/a> ff. SGB V) versto\u00dfen nicht gegen <a title=\"Art. 12 GG\" href=\"https:\/\/dejure.org\/gesetze\/GG\/12.html\" target=\"_blank\" rel=\"noopener\">Art. 12<\/a> Grundgesetz.<\/p>\n<\/div>\n<\/div>\n","protected":false},"excerpt":{"rendered":"<p>DAWR,\u00a0 31.01.2023: Sorge um Schutz von Patienten\u00addaten &#8211; Klage eines Arztes abgewiesen &nbsp; Sozialgericht M\u00fcnchen, Az. S 38 KA 5155\/21 vom 09.11.2023: Leits\u00e4tze I. Die Honorark\u00fcrzung nach \u00a7 291 Abs. [&#8230;]<\/p>\n","protected":false},"author":13,"featured_media":0,"comment_status":"open","ping_status":"closed","sticky":false,"template":"","format":"standard","meta":{"ngg_post_thumbnail":0,"iawp_total_views":1,"footnotes":""},"categories":[68,252],"tags":[],"class_list":["post-41035","post","type-post","status-publish","format-standard","hentry","category-recht","category-telematik"],"_links":{"self":[{"href":"https:\/\/iuzb.de\/index.php?rest_route=\/wp\/v2\/posts\/41035","targetHints":{"allow":["GET"]}}],"collection":[{"href":"https:\/\/iuzb.de\/index.php?rest_route=\/wp\/v2\/posts"}],"about":[{"href":"https:\/\/iuzb.de\/index.php?rest_route=\/wp\/v2\/types\/post"}],"author":[{"embeddable":true,"href":"https:\/\/iuzb.de\/index.php?rest_route=\/wp\/v2\/users\/13"}],"replies":[{"embeddable":true,"href":"https:\/\/iuzb.de\/index.php?rest_route=%2Fwp%2Fv2%2Fcomments&post=41035"}],"version-history":[{"count":5,"href":"https:\/\/iuzb.de\/index.php?rest_route=\/wp\/v2\/posts\/41035\/revisions"}],"predecessor-version":[{"id":41040,"href":"https:\/\/iuzb.de\/index.php?rest_route=\/wp\/v2\/posts\/41035\/revisions\/41040"}],"wp:attachment":[{"href":"https:\/\/iuzb.de\/index.php?rest_route=%2Fwp%2Fv2%2Fmedia&parent=41035"}],"wp:term":[{"taxonomy":"category","embeddable":true,"href":"https:\/\/iuzb.de\/index.php?rest_route=%2Fwp%2Fv2%2Fcategories&post=41035"},{"taxonomy":"post_tag","embeddable":true,"href":"https:\/\/iuzb.de\/index.php?rest_route=%2Fwp%2Fv2%2Ftags&post=41035"}],"curies":[{"name":"wp","href":"https:\/\/api.w.org\/{rel}","templated":true}]}}