{"id":40942,"date":"2023-01-25T13:16:46","date_gmt":"2023-01-25T12:16:46","guid":{"rendered":"https:\/\/iuzb.de\/?p=40942"},"modified":"2023-01-25T13:18:48","modified_gmt":"2023-01-25T12:18:48","slug":"rede-von-bundeskanzler-scholz-anlaesslich-des-festakts-zur-gruendungsvollversammlung-des-dihk-am-24-januar-2023-in-berlin","status":"publish","type":"post","link":"https:\/\/iuzb.de\/?p=40942","title":{"rendered":"Rede von Bundeskanzler Scholz anl\u00e4sslich des Festakts zur Gr\u00fcndungsvollversammlung des DIHK am 24. Januar 2023 in Berlin"},"content":{"rendered":"<p><a href=\"https:\/\/www.bundesregierung.de\/breg-de\/aktuelles\/rede-von-bundeskanzler-scholz-anlaesslich-des-festakts-zur-gruendungsvollversammlung-des-dihk-am-24-januar-2023-in-berlin-2160316\" target=\"_blank\" rel=\"noopener\">Rede von Bundeskanzler Scholz anl\u00e4sslich des Festakts zur Gr\u00fcndungsvollversammlung des DIHK am 24. Januar 2023 in Berlin<\/a><\/p>\n<p>&nbsp;<\/p>\n<blockquote>\n<p style=\"text-align: justify;\">dass wir heute die Gr\u00fcndung der DIHK feiern, ist zumindest f\u00fcr einige noch immer erkl\u00e4rungsbed\u00fcrftig. Denn nat\u00fcrlich gibt es die DIHK seit irgendwie 160 Jahren. Und nat\u00fcrlich hat die Neugr\u00fcndung als <strong>K\u00f6rperschaft des \u00f6ffentlichen Rechts<\/strong> vor allem formaljuristische Gr\u00fcnde. Dennoch haben Sie \u2013 haben wir \u2013 heute allen Grund zum Feiern. Denn unsere Unternehmen, gerade die f\u00fcr Deutschland so wichtigen und charakteristischen <strong>Mittelst\u00e4ndler, brauchen eine starke einheitliche Stimme und gute Antennen hier in Berlin, in Br\u00fcssel und in der Welt.<\/strong> Das ist mit der Neuaufstellung der DIHK gesichert.<\/p>\n<p style=\"text-align: justify;\">Schon im Mittelalter taten sich H\u00e4ndler und Handwerker in Z\u00fcnften und Kammern zusammen&#8230;<\/p>\n<p>[&#8230;]<\/p>\n<p style=\"text-align: justify;\">Und darum haben sich auch alle Statistiker geirrt, als sie uns in den 90er-Jahren und sp\u00e4ter Vorhersagen \u00fcber die Zahl der Berufst\u00e4tigen, die Zahl der Arbeitskr\u00e4fte, \u00fcber die Bev\u00f6lkerungsentwicklung gemacht haben. <strong>Entgegen aller Vorhersagen ist die Bev\u00f6lkerung nicht geschrumpft, sondern gewachsen.<\/strong> Entgegen aller Vorhersagen haben wir die h\u00f6chste Zahl an Erwerbst\u00e4tigen, die wir jemals in der Geschichte Deutschlands hatten: 45 Millionen \u2013 eine riesige Zahl.<\/p>\n<p style=\"text-align: justify;\">Und entgegen mancher Schreckensszenarien, die uns gegenw\u00e4rtig gezeichnet werden, ist es das Wahrscheinlichste, <strong>dass sich das fortsetzen wird<\/strong>. Denn nat\u00fcrlich haben wir fast alles \u2013 nicht alles \u2013 ausgesch\u00f6pft, was uns aus der Europ\u00e4ischen Union m\u00f6glich ist. Aber wir werden jetzt mit den Gesetzen, die wir machen, dazu beitragen, dass der <strong>Fachkr\u00e4ftebedarf<\/strong> der deutschen Wirtschaft gedeckt werden kann, indem wir die modernsten Regeln f\u00fcr Zuwanderung von Fachkr\u00e4ften auf der Welt f\u00fcr uns in Deutschland anstreben. Das ist das, was wir uns vorgenommen haben&#8230;&#8230;<\/p>\n<p style=\"text-align: justify;\">[&#8230;]<\/p>\n<p style=\"text-align: justify;\">Diese Bemerkung will ich zum Schluss doch noch machen: Deutschland lebt vom Miteinander \u2013 das ist unsere eigentliche St\u00e4rke \u2013, von der Kooperation, manche sagen auch vom Korporatismus, von der Sozialpartnerschaft. Und <strong>die traditionsreichen Kammern in Deutschland geh\u00f6ren zu dieser Tradition dazu<\/strong>. Sie haben das Role Model f\u00fcr diese Erfahrung geschaffen. Und deshalb sind wir so froh, dass wir die n\u00e4chsten 160 Jahre auch noch mit Ihnen zusammenarbeiten d\u00fcrfen.<\/p>\n<\/blockquote>\n","protected":false},"excerpt":{"rendered":"<p>Rede von Bundeskanzler Scholz anl\u00e4sslich des Festakts zur Gr\u00fcndungsvollversammlung des DIHK am 24. Januar 2023 in Berlin &nbsp; dass wir heute die Gr\u00fcndung der DIHK feiern, ist zumindest f\u00fcr einige [&#8230;]<\/p>\n","protected":false},"author":13,"featured_media":0,"comment_status":"open","ping_status":"closed","sticky":false,"template":"","format":"standard","meta":{"ngg_post_thumbnail":0,"iawp_total_views":1,"footnotes":""},"categories":[69],"tags":[],"class_list":["post-40942","post","type-post","status-publish","format-standard","hentry","category-koerperschaften"],"_links":{"self":[{"href":"https:\/\/iuzb.de\/index.php?rest_route=\/wp\/v2\/posts\/40942","targetHints":{"allow":["GET"]}}],"collection":[{"href":"https:\/\/iuzb.de\/index.php?rest_route=\/wp\/v2\/posts"}],"about":[{"href":"https:\/\/iuzb.de\/index.php?rest_route=\/wp\/v2\/types\/post"}],"author":[{"embeddable":true,"href":"https:\/\/iuzb.de\/index.php?rest_route=\/wp\/v2\/users\/13"}],"replies":[{"embeddable":true,"href":"https:\/\/iuzb.de\/index.php?rest_route=%2Fwp%2Fv2%2Fcomments&post=40942"}],"version-history":[{"count":2,"href":"https:\/\/iuzb.de\/index.php?rest_route=\/wp\/v2\/posts\/40942\/revisions"}],"predecessor-version":[{"id":40944,"href":"https:\/\/iuzb.de\/index.php?rest_route=\/wp\/v2\/posts\/40942\/revisions\/40944"}],"wp:attachment":[{"href":"https:\/\/iuzb.de\/index.php?rest_route=%2Fwp%2Fv2%2Fmedia&parent=40942"}],"wp:term":[{"taxonomy":"category","embeddable":true,"href":"https:\/\/iuzb.de\/index.php?rest_route=%2Fwp%2Fv2%2Fcategories&post=40942"},{"taxonomy":"post_tag","embeddable":true,"href":"https:\/\/iuzb.de\/index.php?rest_route=%2Fwp%2Fv2%2Ftags&post=40942"}],"curies":[{"name":"wp","href":"https:\/\/api.w.org\/{rel}","templated":true}]}}