{"id":40912,"date":"2023-01-24T11:58:49","date_gmt":"2023-01-24T10:58:49","guid":{"rendered":"https:\/\/iuzb.de\/?p=40912"},"modified":"2024-01-24T07:54:36","modified_gmt":"2024-01-24T06:54:36","slug":"unser-iuzb-mitglied-dr-andreas-hessberger-wurde-mit-grosser-mehrheit-in-den-vorstand-der-kzv-berlin-gewaehlt","status":"publish","type":"post","link":"https:\/\/iuzb.de\/?p=40912","title":{"rendered":"Unser IUZB  Mitglied Dr. Andreas Hessberger wurde mit gro\u00dfer Mehrheit in den Vorstand der KZV Berlin gew\u00e4hlt"},"content":{"rendered":"<p style=\"text-align: justify;\">Bei der gestrigen konstituierenden Vertreterversammlung wurde unser IUZB-Mitglied <strong>Dr. Andreas Hessberger<\/strong> als stellvertretender Vorsitzender in den Vorstand gew\u00e4hlt. Er setzte sich gegen den bisherigen Vorstandsvorsitzenden Dr. J\u00f6rg Meyer (VdZuZvB) durch.<\/p>\n<p style=\"text-align: justify;\"><strong>Neuer Vorstandsvorsitzender wurde<\/strong> der bisherige stellvertretende Vorstandsvorsitzende <strong>Karsten Geist<\/strong> (FVDZ).<\/p>\n<p>Der bisherige stellvertretende Vorstandsvorsitzende Dr. J\u00f6rg-Peter Husemann stand nicht zur Widerwahl und scheidet aus dem Vorstand aus.<\/p>\n<p style=\"text-align: justify;\">Als weitere neue stellvertretende Vorstandsvorsitzende wurde <strong>Dr. Jana Lo Scalzo <\/strong>(FVDZ) gew\u00e4hlt und setzte sich damit gegen Julie Fotiadis-Wentker (VdZuZvB) und Klaudia-Adrijana Miletic (Dentista) durch.<\/p>\n<p style=\"text-align: justify;\"><strong>Wir w\u00fcnschen dem neuen Vorstand der KZV Berlin bei seiner Arbeit in der Legislaturperiode von 2023 bis 2028 viel Erfolg!<\/strong><\/p>\n<p><img loading=\"lazy\" decoding=\"async\" class=\"alignleft wp-image-37909\" src=\"https:\/\/iuzb.de\/wp-content\/uploads\/2022\/03\/01_Portraits_Gneist-scaled.jpg\" alt=\"\" width=\"150\" height=\"181\" srcset=\"https:\/\/iuzb.de\/wp-content\/uploads\/2022\/03\/01_Portraits_Gneist-scaled.jpg 2118w, https:\/\/iuzb.de\/wp-content\/uploads\/2022\/03\/01_Portraits_Gneist-248x300.jpg 248w, https:\/\/iuzb.de\/wp-content\/uploads\/2022\/03\/01_Portraits_Gneist-99x120.jpg 99w, https:\/\/iuzb.de\/wp-content\/uploads\/2022\/03\/01_Portraits_Gneist-768x928.jpg 768w, https:\/\/iuzb.de\/wp-content\/uploads\/2022\/03\/01_Portraits_Gneist-1271x1536.jpg 1271w, https:\/\/iuzb.de\/wp-content\/uploads\/2022\/03\/01_Portraits_Gneist-1694x2048.jpg 1694w\" sizes=\"auto, (max-width: 150px) 100vw, 150px\" \/><\/p>\n<p>&nbsp;<\/p>\n<p>&nbsp;<\/p>\n<p>&nbsp;<\/p>\n<p><strong>Gerhard Gneist<\/strong><br \/>\n1. Vorsitzender IUZB e.V.<\/p>\n<p>&nbsp;<\/p>\n<p>&nbsp;<\/p>\n<p><span style=\"text-decoration: underline;\">Die Abstimmungsergebnisse:<\/span><\/p>\n<table style=\"border-collapse: collapse; width: 100%;\">\n<tbody>\n<tr>\n<td style=\"width: 18.7142%; text-align: left; vertical-align: top;\">Vorsitz<\/td>\n<td style=\"width: 81.2858%; text-align: left; vertical-align: top;\"><strong>Geist: 35 J<\/strong> : 1 N : 4 E<\/td>\n<\/tr>\n<tr>\n<td style=\"width: 18.7142%; text-align: left; vertical-align: top;\">Stellv. Vorsitz<\/td>\n<td style=\"width: 81.2858%; text-align: left; vertical-align: top;\">Dr. Meyer gegen <strong>Dr. Hessberger:&nbsp;<\/strong> 16 J : <strong>24 J<\/strong><\/td>\n<\/tr>\n<tr>\n<td style=\"width: 18.7142%; text-align: left; vertical-align: top;\">Stellv. Vorsitz<\/td>\n<td style=\"width: 81.2858%; text-align: left; vertical-align: top;\">Fotiadis-Wentker gegen Lo Scalzo gegen Miletic: 12 J : 19 J: 8 J<br \/>\nStichwahl:<br \/>\nFotiadis-Wentker gegen <strong>Lo Scalzo<\/strong>: 15 J : <strong>23 J<\/strong><\/td>\n<\/tr>\n<\/tbody>\n<\/table>\n<p><span style=\"text-decoration: underline;\">Vorhergehend:<\/span><\/p>\n<ul>\n<li>23.06.2022: <a href=\"https:\/\/iuzb.de\/?p=39062\" target=\"_blank\" rel=\"noopener\">IUZB wurde st\u00e4rkste Fraktion und nimmt den von der W\u00e4hlerschaft \u00fcbertragenen F\u00fchrungsauftrag an<\/a><\/li>\n<\/ul>\n","protected":false},"excerpt":{"rendered":"<p>Bei der gestrigen konstituierenden Vertreterversammlung wurde unser IUZB-Mitglied Dr. Andreas Hessberger als stellvertretender Vorsitzender in den Vorstand gew\u00e4hlt. Er setzte sich gegen den bisherigen Vorstandsvorsitzenden Dr. J\u00f6rg Meyer (VdZuZvB) durch. [&#8230;]<\/p>\n","protected":false},"author":13,"featured_media":40936,"comment_status":"closed","ping_status":"closed","sticky":false,"template":"","format":"standard","meta":{"ngg_post_thumbnail":0,"iawp_total_views":11,"footnotes":""},"categories":[242,45,276,237],"tags":[],"class_list":["post-40912","post","type-post","status-publish","format-standard","has-post-thumbnail","hentry","category-infobriefe","category-kzv-berlin","category-kzv-wahl-2022","category-vorstand-kzv"],"_links":{"self":[{"href":"https:\/\/iuzb.de\/index.php?rest_route=\/wp\/v2\/posts\/40912","targetHints":{"allow":["GET"]}}],"collection":[{"href":"https:\/\/iuzb.de\/index.php?rest_route=\/wp\/v2\/posts"}],"about":[{"href":"https:\/\/iuzb.de\/index.php?rest_route=\/wp\/v2\/types\/post"}],"author":[{"embeddable":true,"href":"https:\/\/iuzb.de\/index.php?rest_route=\/wp\/v2\/users\/13"}],"replies":[{"embeddable":true,"href":"https:\/\/iuzb.de\/index.php?rest_route=%2Fwp%2Fv2%2Fcomments&post=40912"}],"version-history":[{"count":23,"href":"https:\/\/iuzb.de\/index.php?rest_route=\/wp\/v2\/posts\/40912\/revisions"}],"predecessor-version":[{"id":41474,"href":"https:\/\/iuzb.de\/index.php?rest_route=\/wp\/v2\/posts\/40912\/revisions\/41474"}],"wp:featuredmedia":[{"embeddable":true,"href":"https:\/\/iuzb.de\/index.php?rest_route=\/wp\/v2\/media\/40936"}],"wp:attachment":[{"href":"https:\/\/iuzb.de\/index.php?rest_route=%2Fwp%2Fv2%2Fmedia&parent=40912"}],"wp:term":[{"taxonomy":"category","embeddable":true,"href":"https:\/\/iuzb.de\/index.php?rest_route=%2Fwp%2Fv2%2Fcategories&post=40912"},{"taxonomy":"post_tag","embeddable":true,"href":"https:\/\/iuzb.de\/index.php?rest_route=%2Fwp%2Fv2%2Ftags&post=40912"}],"curies":[{"name":"wp","href":"https:\/\/api.w.org\/{rel}","templated":true}]}}