{"id":40866,"date":"2023-01-17T14:02:11","date_gmt":"2023-01-17T13:02:11","guid":{"rendered":"https:\/\/iuzb.de\/?p=40866"},"modified":"2023-01-23T06:32:05","modified_gmt":"2023-01-23T05:32:05","slug":"zahnaerztekammer-niedersachen-tritt-aaz-bei","status":"publish","type":"post","link":"https:\/\/iuzb.de\/?p=40866","title":{"rendered":"Zahn\u00e4rztekammer Niedersachen tritt AAZ bei"},"content":{"rendered":"<p style=\"text-align: justify;\"><strong>Neuer Tarifpartner f\u00fcr ZFA<br \/>\n<\/strong><strong>Delegierte der Kammerversammlung Niedersachsen haben Beitritt zu AAZ beschlossen [<a href=\"https:\/\/zkn.de\/fileadmin\/user_upload\/die-zkn\/Kammerversammlung\/Kammerversammlung_2022-Beschluesse.pdf\" target=\"_blank\" rel=\"noopener\">Beschluss 9a<\/a>]<\/strong><\/p>\n<p style=\"text-align: justify;\">Die Zahn\u00e4rztekammer Niedersachsen (ZKN) wird k\u00fcnftig in der Arbeitsgemeinschaft zur Regelung der Arbeitsbedingungen der Zahnmedizinischen Fachangestellten mitwirken.<\/p>\n<p style=\"text-align: justify;\">Damit erh\u00f6ht sich die Zahl der in der AAZ vertretenen Zahn\u00e4rztekammern auf f\u00fcnf: Neben<\/p>\n<ul style=\"text-align: justify;\">\n<li>Hamburg,<\/li>\n<li>Hessen,<\/li>\n<li>dem Saarland<\/li>\n<li>und Westfalen-Lippe<\/li>\n<\/ul>\n<p style=\"text-align: justify;\">kommt nun ein Fl\u00e4chenland hinzu, in dem mehr als 22.000 ZFA und Auszubildende in diesem Beruf sozialversicherungspflichtig besch\u00e4ftigt sind.<\/p>\n<p style=\"text-align: justify;\">Henner Bunke, D.M.D.\/Univ of Florida, Pr\u00e4sident der Zahn\u00e4rztekammer Niedersachsen, sagte dazu:<\/p>\n<blockquote>\n<p style=\"text-align: justify;\">\u201eZahnmedizinische Fachangestellte leisten einen wertvollen Beitrag im Praxisteam. Ohne sie w\u00fcrden Zahnarztpraxen nicht funktionieren. Deshalb haben die Delegierten der Kammerversammlung mit ihrer Entscheidung einen weiteren wichtigen Schritt zu einer Attraktivit\u00e4tssteigerung und Fachkr\u00e4ftesicherung unternommen. Der Beitritt zur Arbeitsgemeinschaft zur Regelung der Arbeitsbedingungen der Zahnmedizinischen Fachangestellten soll auch die Wertsch\u00e4tzung gegen\u00fcber dem Fachpersonal zum Ausdruck bringen.\u201c<\/p>\n<\/blockquote>\n<p style=\"text-align: justify;\">Die Reaktion von Seiten des Verbandes medizinischer Fachberufe e.V. (vmf) ist durchweg positiv:<\/p>\n<blockquote>\n<p style=\"text-align: justify;\">\u201eWir freuen uns, dass mit Niedersachsen ein weiterer Tarifpartner bei der n\u00e4chsten Tarifrunde, die im 2. Quartal 2023 startet, dabei ist. Die Kammerversammlung ist damit einen gro\u00dfen Schritt in Richtung Transparenz und Wertsch\u00e4tzung gegen\u00fcber dem zahn\u00e4rztlichen Personal gegangen. Wir begr\u00fc\u00dfen diesen Schritt ausdr\u00fccklich\u201c,<\/p>\n<\/blockquote>\n<p style=\"text-align: justify;\">erkl\u00e4rte Hannelore K\u00f6nig, Pr\u00e4sidentin und Verhandlungsf\u00fchrerin bei den Tarifverhandlungen. Sylvia Gabel, Referatsleiterin ZFA im vmf, erg\u00e4nzt:<\/p>\n<blockquote>\n<p style=\"text-align: justify;\">\u201eEs ist wichtig, dass auch die Kolleginnen und Kollegen in Niedersachsen endlich Tarifvertr\u00e4ge erhalten. Um die Tarifbindung \u00fcber den Arbeitsvertrag zu erreichen, ist es von gro\u00dfem Vorteil, auch Mitglied im Verband medizinischer Fachberufe zu sein.\u201c<\/p>\n<\/blockquote>\n<p>Quelle: Verband medizinischer Fachberufe, <a href=\"https:\/\/www.vmf-online.de\/verband\/presse-news\/2023-01-17-tarif-zfa\" target=\"_blank\" rel=\"noopener\">Pressemitteilung vom 17.01.2023<\/a><\/p>\n","protected":false},"excerpt":{"rendered":"<p>Neuer Tarifpartner f\u00fcr ZFA Delegierte der Kammerversammlung Niedersachsen haben Beitritt zu AAZ beschlossen [Beschluss 9a] Die Zahn\u00e4rztekammer Niedersachsen (ZKN) wird k\u00fcnftig in der Arbeitsgemeinschaft zur Regelung der Arbeitsbedingungen der Zahnmedizinischen [&#8230;]<\/p>\n","protected":false},"author":13,"featured_media":0,"comment_status":"open","ping_status":"closed","sticky":false,"template":"","format":"standard","meta":{"ngg_post_thumbnail":0,"iawp_total_views":1,"footnotes":""},"categories":[268,107],"tags":[],"class_list":["post-40866","post","type-post","status-publish","format-standard","hentry","category-vmf","category-zfa"],"_links":{"self":[{"href":"https:\/\/iuzb.de\/index.php?rest_route=\/wp\/v2\/posts\/40866","targetHints":{"allow":["GET"]}}],"collection":[{"href":"https:\/\/iuzb.de\/index.php?rest_route=\/wp\/v2\/posts"}],"about":[{"href":"https:\/\/iuzb.de\/index.php?rest_route=\/wp\/v2\/types\/post"}],"author":[{"embeddable":true,"href":"https:\/\/iuzb.de\/index.php?rest_route=\/wp\/v2\/users\/13"}],"replies":[{"embeddable":true,"href":"https:\/\/iuzb.de\/index.php?rest_route=%2Fwp%2Fv2%2Fcomments&post=40866"}],"version-history":[{"count":6,"href":"https:\/\/iuzb.de\/index.php?rest_route=\/wp\/v2\/posts\/40866\/revisions"}],"predecessor-version":[{"id":40872,"href":"https:\/\/iuzb.de\/index.php?rest_route=\/wp\/v2\/posts\/40866\/revisions\/40872"}],"wp:attachment":[{"href":"https:\/\/iuzb.de\/index.php?rest_route=%2Fwp%2Fv2%2Fmedia&parent=40866"}],"wp:term":[{"taxonomy":"category","embeddable":true,"href":"https:\/\/iuzb.de\/index.php?rest_route=%2Fwp%2Fv2%2Fcategories&post=40866"},{"taxonomy":"post_tag","embeddable":true,"href":"https:\/\/iuzb.de\/index.php?rest_route=%2Fwp%2Fv2%2Ftags&post=40866"}],"curies":[{"name":"wp","href":"https:\/\/api.w.org\/{rel}","templated":true}]}}