{"id":40853,"date":"2023-01-16T07:37:32","date_gmt":"2023-01-16T06:37:32","guid":{"rendered":"https:\/\/iuzb.de\/?p=40853"},"modified":"2023-01-16T07:40:52","modified_gmt":"2023-01-16T06:40:52","slug":"kassenaerzte-privatabrechnungen-machten-26-prozent-der-praxiseinnahmen-aus","status":"publish","type":"post","link":"https:\/\/iuzb.de\/?p=40853","title":{"rendered":"Kassen\u00e4rzte: Privatabrechnungen machten 26 Prozent der Praxiseinnahmen aus"},"content":{"rendered":"<p style=\"text-align: justify;\">Die <a href=\"https:\/\/newsletter.pkv.de\/c\/88\/6272643\/2613\/0\/8521639\/8007\/434763\/87e18c834e.html\" target=\"_blank\" rel=\"noopener\">FAZ (\u20ac)<\/a> berichtet \u00fcber die Klagen niedergelassener \u00c4rzte, dass die Verg\u00fctung f\u00fcr die Behandlung gesetzlich Versicherter nicht angemessen sei. Es stimme, &#8222;dass mit reinen Kassenleistungen keine gro\u00dfen Spr\u00fcnge zu machen sind&#8220;, schreibt die Zeitung. Die gesetzlich Versicherten w\u00fcrden durch Privatpatienten subventioniert. Zwar seien weniger als <strong>11 Prozent der Bev\u00f6lkerung privatversichert<\/strong>; <strong>Privatabrechnungen machten jedoch 26 Prozent der Praxiseinnahmen<\/strong> aus. Dazu z\u00e4hlten auch Barzahlungen von Kassenpatienten f\u00fcr individuelle Gesundheitsleistungen.<\/p>\n<p>Quelle: <a href=\"https:\/\/newsletter.pkv.de\/mailing\/88\/6272643\/8521639\/8007\/242df93443\/index.html\" target=\"_blank\" rel=\"noopener\">PKV Pressespiegel vom 16.01.2023<\/a><\/p>\n","protected":false},"excerpt":{"rendered":"<p>Die FAZ (\u20ac) berichtet \u00fcber die Klagen niedergelassener \u00c4rzte, dass die Verg\u00fctung f\u00fcr die Behandlung gesetzlich Versicherter nicht angemessen sei. Es stimme, &#8222;dass mit reinen Kassenleistungen keine gro\u00dfen Spr\u00fcnge zu [&#8230;]<\/p>\n","protected":false},"author":13,"featured_media":0,"comment_status":"open","ping_status":"closed","sticky":false,"template":"","format":"standard","meta":{"ngg_post_thumbnail":0,"iawp_total_views":1,"footnotes":""},"categories":[312],"tags":[],"class_list":["post-40853","post","type-post","status-publish","format-standard","hentry","category-pkv"],"_links":{"self":[{"href":"https:\/\/iuzb.de\/index.php?rest_route=\/wp\/v2\/posts\/40853","targetHints":{"allow":["GET"]}}],"collection":[{"href":"https:\/\/iuzb.de\/index.php?rest_route=\/wp\/v2\/posts"}],"about":[{"href":"https:\/\/iuzb.de\/index.php?rest_route=\/wp\/v2\/types\/post"}],"author":[{"embeddable":true,"href":"https:\/\/iuzb.de\/index.php?rest_route=\/wp\/v2\/users\/13"}],"replies":[{"embeddable":true,"href":"https:\/\/iuzb.de\/index.php?rest_route=%2Fwp%2Fv2%2Fcomments&post=40853"}],"version-history":[{"count":3,"href":"https:\/\/iuzb.de\/index.php?rest_route=\/wp\/v2\/posts\/40853\/revisions"}],"predecessor-version":[{"id":40856,"href":"https:\/\/iuzb.de\/index.php?rest_route=\/wp\/v2\/posts\/40853\/revisions\/40856"}],"wp:attachment":[{"href":"https:\/\/iuzb.de\/index.php?rest_route=%2Fwp%2Fv2%2Fmedia&parent=40853"}],"wp:term":[{"taxonomy":"category","embeddable":true,"href":"https:\/\/iuzb.de\/index.php?rest_route=%2Fwp%2Fv2%2Fcategories&post=40853"},{"taxonomy":"post_tag","embeddable":true,"href":"https:\/\/iuzb.de\/index.php?rest_route=%2Fwp%2Fv2%2Ftags&post=40853"}],"curies":[{"name":"wp","href":"https:\/\/api.w.org\/{rel}","templated":true}]}}