{"id":40828,"date":"2023-01-10T17:49:44","date_gmt":"2023-01-10T16:49:44","guid":{"rendered":"https:\/\/iuzb.de\/?p=40828"},"modified":"2023-01-10T17:51:42","modified_gmt":"2023-01-10T16:51:42","slug":"vmf-seit-60-jahren-im-einsatz-fuer-das-praxispersonal","status":"publish","type":"post","link":"https:\/\/iuzb.de\/?p=40828","title":{"rendered":"VmF: Seit 60 Jahren im Einsatz f\u00fcr das Praxispersonal"},"content":{"rendered":"<p><em><strong>Verband medizinischer Fachberufe e.V. fordert mehr Engagement der Politik f\u00fcr die Zukunft der Berufsangeh\u00f6rigen<\/strong><\/em><\/p>\n<p style=\"text-align: justify;\">Am 10. Januar 1963 wurde in Braunschweig der <a href=\"https:\/\/de.wikipedia.org\/wiki\/Verband_medizinischer_Fachberufe\" target=\"_blank\" rel=\"noopener\">Berufsverband der Arzthelferinnen e.V.<\/a> (BdA) gegr\u00fcndet. 60 Jahre sp\u00e4ter blickt der heutige Verband medizinischer Fachberufe e.V. zur\u00fcck und besorgt in die Zukunft:<\/p>\n<p style=\"text-align: justify;\">Hannelore K\u00f6nig, Pr\u00e4sidentin des Verbandes medizinischer Fachberufe e.V., vergleicht:<\/p>\n<p style=\"text-align: justify;\">\u201eVor 60 Jahren gab es noch die Sprechstundenhilfen mit Familienanschluss und einem Aufgabenbereich, der von Putz- bis Laborarbeiten, von privaten Besorgungen f\u00fcr den Chef bis zu anspruchsvollen Assistenzt\u00e4tigkeiten reichte. Schon 1965 haben es unsere Gr\u00fcndungsfrauen geschafft, gemeinsam mit den Sozialpartnern aus dem Anlernberuf einen staatlich anerkannten Ausbildungsberuf zu entwickeln. Mehr als 50 Jahre sp\u00e4ter sind Medizinische Fachangestellte eine wichtige S\u00e4ule im ambulanten Gesundheitswesen, ohne die keine Arztpraxis funktioniert. Unser Verband hat durch sein Wirken in der Bildungspolitik zu dieser positiven Entwicklung wesentlich beigetragen. Und das gilt auch f\u00fcr die anderen drei von uns vertretenen Berufe \u2013 die Tiermedizinischen und die Zahnmedizinischen Fachangestellten, die seit 1981 bei uns ihre berufspolitische und gewerkschaftliche Heimat gefunden haben, sowie die angestellten Zahntechnikerinnen und Zahntechniker, die seit 2010 bei uns Mitglied werden k\u00f6nnen.\u201c<\/p>\n<p style=\"text-align: justify;\">Hannelore K\u00f6nig erinnert auch an die tarifpolitischen Leistungen des Verbandes: Bereits 1969 gelang es, den ersten Tarifvertrag f\u00fcr Arzthelferinnen abzuschlie\u00dfen, 1982 folgte der erste Tarifvertrag f\u00fcr Zahnarzthelferinnen und 1987 der erste f\u00fcr Tierarzthelferinnen. F\u00fcr MFA und TFA existieren seitdem bundesweite Tarifvertr\u00e4ge, f\u00fcr ZFA nur regionale.<\/p>\n<p style=\"text-align: justify;\">Zum Aufgabenspektrum des Verbandes medizinischer Fachberufe e.V. z\u00e4hlen zudem die Rechtsberatung und -vertretung der Mitglieder, die Arbeit in den Berufsbildungs- und Pr\u00fcfungsaussch\u00fcssen sowie das aktive Engagement in verschiedenen Organisationen und Gremien auf Bundes- und Landesebene \u2013 f\u00fcr die Berufsangeh\u00f6rigen und die Sicherheit der Patientinnen und Patienten.<\/p>\n<p style=\"text-align: justify;\">Damals wie heute ist es das Ziel des Verbandes, die Situation der Kolleginnen und Kollegen zu verbessern. \u201eAllerdings m\u00fcssen wir feststellen, dass sich die Arbeitsbedingungen in allen vier Berufen besonders seit Beginn der Pandemie und der seit letztem Jahr steigenden Inflation zunehmend verschlechtert haben. Als Antwort auf die hohe Arbeitsbelastung bei unterdurchschnittlichem Gehalt verlassen immer mehr Berufsangeh\u00f6rige, vor allem MFA und ZFA, ihren Job, nimmt der Fachkr\u00e4ftemangel stetig zu und wirkt sich unmittelbar auf die Versorgung der Patientinnen und Patienten aus\u201c, so Hannelore K\u00f6nig weiter:<\/p>\n<p style=\"text-align: justify;\">\u201eF\u00fcr uns ist das ein deutliches Alarmsignal, das nicht \u00fcberh\u00f6rt werden darf. Ohne mehr Wertsch\u00e4tzung und Anerkennung der Leistung unserer Berufsangeh\u00f6rigen von Seiten der Politik steht das Gesundheitswesen vor dem Kollaps.\u201c Nicht nur die finanziellen Strukturen in den Krankenh\u00e4usern seien \u00fcberholt, auch die im ambulanten Gesundheitswesen. Die Leistungen der MFA und ZFA m\u00fcssten endlich ber\u00fccksichtigt werden und ausgehandelte Tarifvertr\u00e4ge direkt in die Honorarverhandlungen einflie\u00dfen, fordert die vmf-Pr\u00e4sidentin. Dass dies m\u00f6glich sei, zeige die Novellierung der Geb\u00fchrenordnung f\u00fcr Tier\u00e4rztinnen und Tier\u00e4rzte, durch die eine 19-prozentige Gehaltserh\u00f6hung f\u00fcr TFA vereinbart werden konnte. \u201eDaran muss die Politik ankn\u00fcpfen. Es gilt, junge Frauen und M\u00e4nner daf\u00fcr zu begeistern, dass sie diese tollen Berufe erlernen und echte Karrierechancen darin sehen, die ihnen und der Gesellschaft Nutzen bringen. Der Verband medizinischer Fachberufe e.V. wird sich auch in den n\u00e4chsten Jahrzehnten daf\u00fcr einsetzen.\u201c<\/p>\n<p>Quelle: Verband medizinischer Fachberufe, Pressemitteilung vom 10.01.2023<\/p>\n","protected":false},"excerpt":{"rendered":"<p>Verband medizinischer Fachberufe e.V. fordert mehr Engagement der Politik f\u00fcr die Zukunft der Berufsangeh\u00f6rigen Am 10. Januar 1963 wurde in Braunschweig der Berufsverband der Arzthelferinnen e.V. (BdA) gegr\u00fcndet. 60 Jahre [&#8230;]<\/p>\n","protected":false},"author":13,"featured_media":0,"comment_status":"open","ping_status":"closed","sticky":false,"template":"","format":"standard","meta":{"ngg_post_thumbnail":0,"iawp_total_views":0,"footnotes":""},"categories":[268,107],"tags":[],"class_list":["post-40828","post","type-post","status-publish","format-standard","hentry","category-vmf","category-zfa"],"_links":{"self":[{"href":"https:\/\/iuzb.de\/index.php?rest_route=\/wp\/v2\/posts\/40828","targetHints":{"allow":["GET"]}}],"collection":[{"href":"https:\/\/iuzb.de\/index.php?rest_route=\/wp\/v2\/posts"}],"about":[{"href":"https:\/\/iuzb.de\/index.php?rest_route=\/wp\/v2\/types\/post"}],"author":[{"embeddable":true,"href":"https:\/\/iuzb.de\/index.php?rest_route=\/wp\/v2\/users\/13"}],"replies":[{"embeddable":true,"href":"https:\/\/iuzb.de\/index.php?rest_route=%2Fwp%2Fv2%2Fcomments&post=40828"}],"version-history":[{"count":3,"href":"https:\/\/iuzb.de\/index.php?rest_route=\/wp\/v2\/posts\/40828\/revisions"}],"predecessor-version":[{"id":40831,"href":"https:\/\/iuzb.de\/index.php?rest_route=\/wp\/v2\/posts\/40828\/revisions\/40831"}],"wp:attachment":[{"href":"https:\/\/iuzb.de\/index.php?rest_route=%2Fwp%2Fv2%2Fmedia&parent=40828"}],"wp:term":[{"taxonomy":"category","embeddable":true,"href":"https:\/\/iuzb.de\/index.php?rest_route=%2Fwp%2Fv2%2Fcategories&post=40828"},{"taxonomy":"post_tag","embeddable":true,"href":"https:\/\/iuzb.de\/index.php?rest_route=%2Fwp%2Fv2%2Ftags&post=40828"}],"curies":[{"name":"wp","href":"https:\/\/api.w.org\/{rel}","templated":true}]}}