{"id":40674,"date":"2022-12-19T11:43:33","date_gmt":"2022-12-19T10:43:33","guid":{"rendered":"https:\/\/iuzb.de\/?p=40674"},"modified":"2022-12-19T11:43:33","modified_gmt":"2022-12-19T10:43:33","slug":"g-ba-festzuschuesse-fuer-zahnersatz-angepasst","status":"publish","type":"post","link":"https:\/\/iuzb.de\/?p=40674","title":{"rendered":"G-BA: Festzusch\u00fcsse f\u00fcr Zahnersatz angepasst"},"content":{"rendered":"<p style=\"text-align: justify;\">Der Gemeinsame Bundesausschuss (G-BA) hat mit Wirkung zum 1.\u00a0Januar 2023 die Festzusch\u00fcsse f\u00fcr Zahnersatz in seiner Richtlinie angepasst. Gegen\u00fcber dem Vorjahr kommt es zu einer Erh\u00f6hung der Festzuschussbetr\u00e4ge orientiert an den Preissteigerungen von jeweils 3,45\u00a0Prozent bei den zahntechnischen und zahn\u00e4rztlichen Leistungen. Die konkrete H\u00f6he der Zusch\u00fcsse wurde zuvor zwischen dem GKV-Spitzenverband und der Kassenzahn\u00e4rztlichen Bundesvereinigung beziehungsweise dem Verband Deutscher Zahntechniker-Innungen verhandelt.<\/p>\n<p style=\"text-align: justify;\">Dar\u00fcber hinaus wurden Anpassungen in den Abrechnungsmodalit\u00e4ten im zahntechnischen Bereich vorgenommen. Als wichtige Neuerung entf\u00e4llt k\u00fcnftig die M\u00f6glichkeit, die Position BEL-Nr.\u00a0002\u00a03 zu nutzen, um bei der Modellherstellung die zus\u00e4tzliche Anfertigung eines Kunststoffsockels mit abzurechnen. Im Ausgleich daf\u00fcr wurden die Preise f\u00fcr die BEL-Nrn.\u00a0005\u00a01, 005\u00a02 und 005\u00a03 beim Zahnersatz einschlie\u00dflich Zahnkronen und Suprakonstruktionen erh\u00f6ht. Die BEL-Nr.\u00a0002\u00a03 darf ab 1.\u00a0Januar 2023 nur noch bei einer Teleskop-Prothese f\u00fcr die Darstellung von im Mund verbleibenden individuellen Prim\u00e4rteilen oder zur besonderen Darstellung von Zahnfleischpartien als GKV-Leistung abgerechnet werden.<\/p>\n<p style=\"text-align: justify;\">Der Beschluss vom 15.\u00a0Dezember 2022 wird derzeit vom Bundesministerium f\u00fcr Gesundheit gepr\u00fcft. Bei Nichtbeanstandung tritt er mit Wirkung zum 1.\u00a0Januar 2023 in Kraft.<\/p>\n<p>Quelle: Gemeinsamer Bundesausschuss,<br \/>\n<a href=\"https:\/\/www.g-ba.de\/service\/fachnews\/51\/\" target=\"_blank\" rel=\"noopener\">Pressemitteilung vom 19.12.2022 und Weiterf\u00fchrend<\/a><\/p>\n","protected":false},"excerpt":{"rendered":"<p>Der Gemeinsame Bundesausschuss (G-BA) hat mit Wirkung zum 1.\u00a0Januar 2023 die Festzusch\u00fcsse f\u00fcr Zahnersatz in seiner Richtlinie angepasst. Gegen\u00fcber dem Vorjahr kommt es zu einer Erh\u00f6hung der Festzuschussbetr\u00e4ge orientiert an [&#8230;]<\/p>\n","protected":false},"author":13,"featured_media":0,"comment_status":"open","ping_status":"closed","sticky":false,"template":"","format":"standard","meta":{"ngg_post_thumbnail":0,"iawp_total_views":10,"footnotes":""},"categories":[241,248,188],"tags":[],"class_list":["post-40674","post","type-post","status-publish","format-standard","hentry","category-gemeinsamer-bundesausschuss","category-leitlinien","category-medizin"],"_links":{"self":[{"href":"https:\/\/iuzb.de\/index.php?rest_route=\/wp\/v2\/posts\/40674","targetHints":{"allow":["GET"]}}],"collection":[{"href":"https:\/\/iuzb.de\/index.php?rest_route=\/wp\/v2\/posts"}],"about":[{"href":"https:\/\/iuzb.de\/index.php?rest_route=\/wp\/v2\/types\/post"}],"author":[{"embeddable":true,"href":"https:\/\/iuzb.de\/index.php?rest_route=\/wp\/v2\/users\/13"}],"replies":[{"embeddable":true,"href":"https:\/\/iuzb.de\/index.php?rest_route=%2Fwp%2Fv2%2Fcomments&post=40674"}],"version-history":[{"count":1,"href":"https:\/\/iuzb.de\/index.php?rest_route=\/wp\/v2\/posts\/40674\/revisions"}],"predecessor-version":[{"id":40675,"href":"https:\/\/iuzb.de\/index.php?rest_route=\/wp\/v2\/posts\/40674\/revisions\/40675"}],"wp:attachment":[{"href":"https:\/\/iuzb.de\/index.php?rest_route=%2Fwp%2Fv2%2Fmedia&parent=40674"}],"wp:term":[{"taxonomy":"category","embeddable":true,"href":"https:\/\/iuzb.de\/index.php?rest_route=%2Fwp%2Fv2%2Fcategories&post=40674"},{"taxonomy":"post_tag","embeddable":true,"href":"https:\/\/iuzb.de\/index.php?rest_route=%2Fwp%2Fv2%2Ftags&post=40674"}],"curies":[{"name":"wp","href":"https:\/\/api.w.org\/{rel}","templated":true}]}}