{"id":40648,"date":"2022-12-15T09:29:20","date_gmt":"2022-12-15T08:29:20","guid":{"rendered":"https:\/\/iuzb.de\/?p=40648"},"modified":"2022-12-15T09:50:48","modified_gmt":"2022-12-15T08:50:48","slug":"zaek-nordrhein-faire-loehne-fuer-gute-arbeit-kammerversammlung-beschliesst-verguetungsempfehlungen-fuer-zfa","status":"publish","type":"post","link":"https:\/\/iuzb.de\/?p=40648","title":{"rendered":"Z\u00c4K Nordrhein: Faire L\u00f6hne f\u00fcr gute Arbeit: Kammerversammlung beschlie\u00dft Verg\u00fctungsempfehlungen f\u00fcr ZFA"},"content":{"rendered":"<p style=\"text-align: justify;\"><strong>Vom Praxisteam zur One-Man-Show? Zuk\u00fcnftig allein am Behandlungsstuhl?<\/strong><\/p>\n<p style=\"text-align: justify;\">Die Auswirkungen des Fachkr\u00e4ftemangels machen sich in den Praxen immer st\u00e4rker bemerkbar, vor allem auch weil viele Zahnmedizinische Fachangestellte (ZFA) den Beruf verlassen. Um diesem Trend entgegenzuwirken und den Beruf attraktiver zu gestalten, hat die Kammerversammlung der Zahn\u00e4rztekammer Nordrhein in ihrer Sitzung im November umfassende Verg\u00fctungsempfehlungen f\u00fcr ZFA beschlossen.<\/p>\n<p style=\"text-align: justify;\">\u201eWir haben Empfehlungen erarbeitet, die Ausbildung und Berufserfahrung sowie ortsabh\u00e4ngige Unterschiede ber\u00fccksichtigt\u201c, erkl\u00e4rte Dr. Thomas Heil, Vizepr\u00e4sident der Zahn\u00e4rztekammer Nordrhein.<\/p>\n<p style=\"text-align: justify;\">Die <em><strong>Empfehlung zur Verg\u00fctung von Mitarbeitenden in Zahnarztpraxen zur F\u00f6rderung des Berufsbildes der ZFA<\/strong><\/em> \u2013 so der offizielle Name \u2013 bietet sowohl Zahn\u00e4rzten als auch ZFA eine transparente Orientierungshilfe zu einer angemessenen Verg\u00fctung.<\/p>\n<ul>\n<li><span style=\"font-size: 18pt;\"><a href=\"https:\/\/www.zahnaerztekammernordrhein.de\/fuer-die-praxis-beruf-wissen\/aktuelles\/\" target=\"_blank\" rel=\"noopener\">WEITERLESEN<\/a><\/span><\/li>\n<\/ul>\n<p>&nbsp;<\/p>\n<p>&nbsp;<\/p>\n<p>\u00c4hnlich:<\/p>\n<p>12.05.2022: <a href=\"https:\/\/iuzb.de\/?p=38253\" target=\"_blank\" rel=\"noopener\">Der neue Verg\u00fctungstarifvertr\u00e4g f\u00fcr Zahnmedizinische Fachangestellte f\u00fcr Hamburg, Hessen, Westfalen-Lippe und im Saarland<\/a> \/<br \/>\n<a href=\"https:\/\/www.vmf-online.de\/download\/gtv-zfa-zah-ha-he-sl-wl-ab-01-07-2022\" target=\"_blank\" rel=\"noopener\">Download Verg\u00fctungstarifvertrag, g\u00fcltig ab 01.07.2022<\/a><\/p>\n","protected":false},"excerpt":{"rendered":"<p>Vom Praxisteam zur One-Man-Show? Zuk\u00fcnftig allein am Behandlungsstuhl? Die Auswirkungen des Fachkr\u00e4ftemangels machen sich in den Praxen immer st\u00e4rker bemerkbar, vor allem auch weil viele Zahnmedizinische Fachangestellte (ZFA) den Beruf [&#8230;]<\/p>\n","protected":false},"author":13,"featured_media":0,"comment_status":"open","ping_status":"closed","sticky":false,"template":"","format":"standard","meta":{"ngg_post_thumbnail":0,"iawp_total_views":0,"footnotes":""},"categories":[107],"tags":[],"class_list":["post-40648","post","type-post","status-publish","format-standard","hentry","category-zfa"],"_links":{"self":[{"href":"https:\/\/iuzb.de\/index.php?rest_route=\/wp\/v2\/posts\/40648","targetHints":{"allow":["GET"]}}],"collection":[{"href":"https:\/\/iuzb.de\/index.php?rest_route=\/wp\/v2\/posts"}],"about":[{"href":"https:\/\/iuzb.de\/index.php?rest_route=\/wp\/v2\/types\/post"}],"author":[{"embeddable":true,"href":"https:\/\/iuzb.de\/index.php?rest_route=\/wp\/v2\/users\/13"}],"replies":[{"embeddable":true,"href":"https:\/\/iuzb.de\/index.php?rest_route=%2Fwp%2Fv2%2Fcomments&post=40648"}],"version-history":[{"count":5,"href":"https:\/\/iuzb.de\/index.php?rest_route=\/wp\/v2\/posts\/40648\/revisions"}],"predecessor-version":[{"id":40653,"href":"https:\/\/iuzb.de\/index.php?rest_route=\/wp\/v2\/posts\/40648\/revisions\/40653"}],"wp:attachment":[{"href":"https:\/\/iuzb.de\/index.php?rest_route=%2Fwp%2Fv2%2Fmedia&parent=40648"}],"wp:term":[{"taxonomy":"category","embeddable":true,"href":"https:\/\/iuzb.de\/index.php?rest_route=%2Fwp%2Fv2%2Fcategories&post=40648"},{"taxonomy":"post_tag","embeddable":true,"href":"https:\/\/iuzb.de\/index.php?rest_route=%2Fwp%2Fv2%2Ftags&post=40648"}],"curies":[{"name":"wp","href":"https:\/\/api.w.org\/{rel}","templated":true}]}}