{"id":40646,"date":"2022-12-14T18:12:05","date_gmt":"2022-12-14T17:12:05","guid":{"rendered":"https:\/\/iuzb.de\/?p=40646"},"modified":"2022-12-14T18:12:17","modified_gmt":"2022-12-14T17:12:17","slug":"alle-planbaren-behandlungen-verschoben-berliner-charite-geht-naechste-woche-in-notbetrieb","status":"publish","type":"post","link":"https:\/\/iuzb.de\/?p=40646","title":{"rendered":"\u201eAlle planbaren Behandlungen verschoben\u201c: Berliner Charit\u00e9 geht n\u00e4chste Woche in Notbetrieb"},"content":{"rendered":"<p style=\"text-align: justify;\">Aufgrund eines anhaltenden und sich verst\u00e4rkenden krankheitsbedingten Ausfalls von \u00c4rztinnen, \u00c4rzten und Pflegekr\u00e4ften wird die Charit\u00e9 ab Montag, den 19.12.2022, zun\u00e4chst bis Ende des Jahres alle elektiven Eingriffe absagen m\u00fcssen. Wir bedauern dieses Vorgehen, wollen aber erm\u00f6glichen, dass dringliche Behandlungen, wie zeitkritische Tumoroperationen, Transplantationen, Versorgung von Patientinnen und Patienten nach Schlaganfall, Herzinfarkt oder andere Notf\u00e4llen, weiter durchgef\u00fchrt werden k\u00f6nnen. Hinzu kommt, dass wir die durch Personalverlegung zugewonnenen Kapazit\u00e4ten in der Kindermedizin aufgrund des &#8211; unter anderem durch die RSV-Welle &#8211; derzeitig gro\u00dfen Bedarfs dort nicht wieder abbauen wollen.<\/p>\n<p>Quelle: Charit\u00e9 \u2013 Universit\u00e4tsmedizin Berlin, <a href=\"https:\/\/www.charite.de\/\" target=\"_blank\" rel=\"noopener\">Mitteiling auf der Webseite<\/a><\/p>\n<p>_____<\/p>\n<p>Tagesspiegel, 14.12.2022:<\/p>\n<ul>\n<li>\u201e<a href=\"https:\/\/www.tagesspiegel.de\/berlin\/alle-planbaren-behandlungen-verschoben-berliner-charite-geht-ab-nachste-woche-in-notbetrieb-9030181.html\" target=\"_blank\" rel=\"noopener\">Alle planbaren Behandlungen verschoben\u201c: Berliner Charit\u00e9 geht n\u00e4chste Woche in Notbetrieb<\/a><\/li>\n<\/ul>\n<p>&nbsp;<\/p>\n","protected":false},"excerpt":{"rendered":"<p>Aufgrund eines anhaltenden und sich verst\u00e4rkenden krankheitsbedingten Ausfalls von \u00c4rztinnen, \u00c4rzten und Pflegekr\u00e4ften wird die Charit\u00e9 ab Montag, den 19.12.2022, zun\u00e4chst bis Ende des Jahres alle elektiven Eingriffe absagen m\u00fcssen. [&#8230;]<\/p>\n","protected":false},"author":13,"featured_media":0,"comment_status":"open","ping_status":"closed","sticky":false,"template":"","format":"standard","meta":{"ngg_post_thumbnail":0,"iawp_total_views":0,"footnotes":""},"categories":[177,281],"tags":[],"class_list":["post-40646","post","type-post","status-publish","format-standard","hentry","category-berlin","category-charite"],"_links":{"self":[{"href":"https:\/\/iuzb.de\/index.php?rest_route=\/wp\/v2\/posts\/40646","targetHints":{"allow":["GET"]}}],"collection":[{"href":"https:\/\/iuzb.de\/index.php?rest_route=\/wp\/v2\/posts"}],"about":[{"href":"https:\/\/iuzb.de\/index.php?rest_route=\/wp\/v2\/types\/post"}],"author":[{"embeddable":true,"href":"https:\/\/iuzb.de\/index.php?rest_route=\/wp\/v2\/users\/13"}],"replies":[{"embeddable":true,"href":"https:\/\/iuzb.de\/index.php?rest_route=%2Fwp%2Fv2%2Fcomments&post=40646"}],"version-history":[{"count":1,"href":"https:\/\/iuzb.de\/index.php?rest_route=\/wp\/v2\/posts\/40646\/revisions"}],"predecessor-version":[{"id":40647,"href":"https:\/\/iuzb.de\/index.php?rest_route=\/wp\/v2\/posts\/40646\/revisions\/40647"}],"wp:attachment":[{"href":"https:\/\/iuzb.de\/index.php?rest_route=%2Fwp%2Fv2%2Fmedia&parent=40646"}],"wp:term":[{"taxonomy":"category","embeddable":true,"href":"https:\/\/iuzb.de\/index.php?rest_route=%2Fwp%2Fv2%2Fcategories&post=40646"},{"taxonomy":"post_tag","embeddable":true,"href":"https:\/\/iuzb.de\/index.php?rest_route=%2Fwp%2Fv2%2Ftags&post=40646"}],"curies":[{"name":"wp","href":"https:\/\/api.w.org\/{rel}","templated":true}]}}