{"id":40638,"date":"2022-12-13T13:12:56","date_gmt":"2022-12-13T12:12:56","guid":{"rendered":"https:\/\/iuzb.de\/?p=40638"},"modified":"2022-12-13T13:12:56","modified_gmt":"2022-12-13T12:12:56","slug":"fachkraeftemangel-verschaerft-sich-auch-in-mvz-mehr-als-60-prozent-der-mvz-bewerten-verfuegbarkeit-von-aerztlichem-und-nichtaerztlichem-personal-als-schlecht-bis-sehr-schlecht","status":"publish","type":"post","link":"https:\/\/iuzb.de\/?p=40638","title":{"rendered":"Fachkr\u00e4ftemangel versch\u00e4rft sich auch in MVZ \/\/ Mehr als 60 Prozent der MVZ bewerten Verf\u00fcgbarkeit von \u00e4rztlichem und nicht\u00e4rztlichem Personal als schlecht bis sehr schlecht"},"content":{"rendered":"<p>Zentralinstitut f\u00fcr die kassen\u00e4rztliche Versorgung in der Bundesrepublik Deutschland, PM vom 06.12.2022:<\/p>\n<ul>\n<li><a href=\"https:\/\/www.zi.de\/presse\/presseinformationen\/5-dezember-2022\" target=\"_blank\" rel=\"noopener\">Fachkr\u00e4ftemangel versch\u00e4rft sich auch in MVZ \/\/ Mehr als 60 Prozent der MVZ bewerten Verf\u00fcgbarkeit von \u00e4rztlichem und nicht\u00e4rztlichem Personal als schlecht bis sehr schlecht<\/a><\/li>\n<\/ul>\n<p>&nbsp;<\/p>\n<p>&nbsp;<\/p>\n","protected":false},"excerpt":{"rendered":"<p>Zentralinstitut f\u00fcr die kassen\u00e4rztliche Versorgung in der Bundesrepublik Deutschland, PM vom 06.12.2022: Fachkr\u00e4ftemangel versch\u00e4rft sich auch in MVZ \/\/ Mehr als 60 Prozent der MVZ bewerten Verf\u00fcgbarkeit von \u00e4rztlichem und [&#8230;]<\/p>\n","protected":false},"author":13,"featured_media":0,"comment_status":"open","ping_status":"closed","sticky":false,"template":"","format":"standard","meta":{"ngg_post_thumbnail":0,"iawp_total_views":1,"footnotes":""},"categories":[107],"tags":[],"class_list":["post-40638","post","type-post","status-publish","format-standard","hentry","category-zfa"],"_links":{"self":[{"href":"https:\/\/iuzb.de\/index.php?rest_route=\/wp\/v2\/posts\/40638","targetHints":{"allow":["GET"]}}],"collection":[{"href":"https:\/\/iuzb.de\/index.php?rest_route=\/wp\/v2\/posts"}],"about":[{"href":"https:\/\/iuzb.de\/index.php?rest_route=\/wp\/v2\/types\/post"}],"author":[{"embeddable":true,"href":"https:\/\/iuzb.de\/index.php?rest_route=\/wp\/v2\/users\/13"}],"replies":[{"embeddable":true,"href":"https:\/\/iuzb.de\/index.php?rest_route=%2Fwp%2Fv2%2Fcomments&post=40638"}],"version-history":[{"count":1,"href":"https:\/\/iuzb.de\/index.php?rest_route=\/wp\/v2\/posts\/40638\/revisions"}],"predecessor-version":[{"id":40639,"href":"https:\/\/iuzb.de\/index.php?rest_route=\/wp\/v2\/posts\/40638\/revisions\/40639"}],"wp:attachment":[{"href":"https:\/\/iuzb.de\/index.php?rest_route=%2Fwp%2Fv2%2Fmedia&parent=40638"}],"wp:term":[{"taxonomy":"category","embeddable":true,"href":"https:\/\/iuzb.de\/index.php?rest_route=%2Fwp%2Fv2%2Fcategories&post=40638"},{"taxonomy":"post_tag","embeddable":true,"href":"https:\/\/iuzb.de\/index.php?rest_route=%2Fwp%2Fv2%2Ftags&post=40638"}],"curies":[{"name":"wp","href":"https:\/\/api.w.org\/{rel}","templated":true}]}}