{"id":40519,"date":"2022-11-23T15:42:18","date_gmt":"2022-11-23T14:42:18","guid":{"rendered":"https:\/\/iuzb.de\/?p=40519"},"modified":"2022-11-23T15:43:10","modified_gmt":"2022-11-23T14:43:10","slug":"tarifvertrag-fuer-zfa-ausbildungsverguetungen-steigen-ab-dezember-in-hamburg-hessen-westfalen-lippe-und-im-saarland","status":"publish","type":"post","link":"https:\/\/iuzb.de\/?p=40519","title":{"rendered":"Tarifvertrag f\u00fcr ZFA: Ausbildungsverg\u00fctungen steigen ab Dezember in Hamburg, Hessen, Westfalen-Lippe und im Saarland"},"content":{"rendered":"<p style=\"text-align: justify;\">Am 1. Dezember steigen die tariflich vereinbarten Ausbildungsverg\u00fctungen f\u00fcr Zahnmedizinische Fachangestellte (ZFA) in Hamburg, Hessen, im Saarland und in Westfalen-Lippe um bis zu 10,8 Prozent. Sie betragen dann im ersten Ausbildungsjahr 920 Euro (vorher 870) im zweiten 995 Euro (vorher 910) und im dritten Ausbildungsjahr 1075 Euro (vorher 970).<\/p>\n<p style=\"text-align: justify;\">Diese Erh\u00f6hung ist Teil des im Fr\u00fchjahr zwischen dem Verband medizinischer Fachberufe e.V. und der Arbeitsgemeinschaft zur Regelung der Arbeitsbedingungen f\u00fcr Zahnmedizinische Fachangestellte\/Zahnarzthelfer\/innen (AAZ) ausgehandelten Tarifvertrages. Die Geh\u00e4lter der ausgelernten und fortgebildeten ZFA waren bereits zum 1. Juli um 5,5 Prozent angepasst worden.<\/p>\n<p style=\"text-align: justify;\">Hannelore K\u00f6nig, vmf-Pr\u00e4sidentin, ruft die zahn\u00e4rztlichen Arbeitgeber*innen auf, diese Erh\u00f6hung nicht nur im Tarifgebiet der Kammerbereiche Hamburg, Hessen, Saarland und Westfalen-Lippe umzusetzen. Trotz der Herausforderungen, die sich aus der Inflation und den aktuellen K\u00fcrzungen im Gesundheitswesen ergeben, sei es wichtig, ein Signal an die Besch\u00e4ftigten zu senden und die vereinbarten Vertr\u00e4ge einzuhalten.<\/p>\n<p style=\"text-align: justify;\">Beide Verhandlungspartner hatten im Mai erkl\u00e4rt, dass sie den Abschluss als ein Zeichen der Wertsch\u00e4tzung der Leistungen des zahn\u00e4rztlichen Praxispersonals sehen. Sie wollen gleichzeitig die Attraktivit\u00e4t des Berufs weiter erh\u00f6hen und junge Menschen f\u00fcr das Berufsbild begeistern<\/p>\n<p style=\"text-align: justify;\">Die vmf-Rechtsabteilung verweist darauf, dass die Erh\u00f6hungen auch dann gelten, wenn der Ausbildungsvertrag zwar an die Tarifvertr\u00e4ge f\u00fcr ZFA gebunden ist, aber im Vertrag vom aktuellen Tarifvertrag abweichende feste Betr\u00e4ge aufgenommen wurden. ZFA, die Mitglied im Verband medizinischer Fachberufe sind, sollten sich bei Problemen direkt an die Rechtsabteilung wenden.<\/p>\n<p style=\"text-align: justify;\">Laut Angaben der Bundeszahn\u00e4rztekammer wurden vom 1. Oktober 2021 bis zum 30. September 2022 insgesamt 14.215 Ausbildungsvertr\u00e4ge f\u00fcr ZFA neu abgeschlossen.<\/p>\n<p>Quelle: Verband medizinischer Fachberufe e.V., <a href=\"https:\/\/www.vmf-online.de\/verband\/presse-news\/2022-11-23-tarifzfa\" target=\"_blank\" rel=\"noopener\">Pressemitteilung vom 23.11.2022<\/a><\/p>\n","protected":false},"excerpt":{"rendered":"<p>Am 1. Dezember steigen die tariflich vereinbarten Ausbildungsverg\u00fctungen f\u00fcr Zahnmedizinische Fachangestellte (ZFA) in Hamburg, Hessen, im Saarland und in Westfalen-Lippe um bis zu 10,8 Prozent. Sie betragen dann im ersten [&#8230;]<\/p>\n","protected":false},"author":13,"featured_media":0,"comment_status":"open","ping_status":"closed","sticky":false,"template":"","format":"standard","meta":{"ngg_post_thumbnail":0,"iawp_total_views":2,"footnotes":""},"categories":[268,107],"tags":[],"class_list":["post-40519","post","type-post","status-publish","format-standard","hentry","category-vmf","category-zfa"],"_links":{"self":[{"href":"https:\/\/iuzb.de\/index.php?rest_route=\/wp\/v2\/posts\/40519","targetHints":{"allow":["GET"]}}],"collection":[{"href":"https:\/\/iuzb.de\/index.php?rest_route=\/wp\/v2\/posts"}],"about":[{"href":"https:\/\/iuzb.de\/index.php?rest_route=\/wp\/v2\/types\/post"}],"author":[{"embeddable":true,"href":"https:\/\/iuzb.de\/index.php?rest_route=\/wp\/v2\/users\/13"}],"replies":[{"embeddable":true,"href":"https:\/\/iuzb.de\/index.php?rest_route=%2Fwp%2Fv2%2Fcomments&post=40519"}],"version-history":[{"count":2,"href":"https:\/\/iuzb.de\/index.php?rest_route=\/wp\/v2\/posts\/40519\/revisions"}],"predecessor-version":[{"id":40521,"href":"https:\/\/iuzb.de\/index.php?rest_route=\/wp\/v2\/posts\/40519\/revisions\/40521"}],"wp:attachment":[{"href":"https:\/\/iuzb.de\/index.php?rest_route=%2Fwp%2Fv2%2Fmedia&parent=40519"}],"wp:term":[{"taxonomy":"category","embeddable":true,"href":"https:\/\/iuzb.de\/index.php?rest_route=%2Fwp%2Fv2%2Fcategories&post=40519"},{"taxonomy":"post_tag","embeddable":true,"href":"https:\/\/iuzb.de\/index.php?rest_route=%2Fwp%2Fv2%2Ftags&post=40519"}],"curies":[{"name":"wp","href":"https:\/\/api.w.org\/{rel}","templated":true}]}}