{"id":40439,"date":"2022-11-16T19:30:07","date_gmt":"2022-11-16T18:30:07","guid":{"rendered":"https:\/\/iuzb.de\/?p=40439"},"modified":"2022-11-28T09:47:01","modified_gmt":"2022-11-28T08:47:01","slug":"24-11-2022-einladung-zur-delegiertenversammlung-der-zaek-berlin","status":"publish","type":"post","link":"https:\/\/iuzb.de\/?p=40439","title":{"rendered":"24.11.2022: Einladung zur Delegiertenversammlung der Z\u00c4K Berlin"},"content":{"rendered":"<p><a href=\"https:\/\/iuzb.de\/wp-content\/uploads\/2022\/11\/2022-11-03-Einladung-Tagesordnung-DV-24.11.2022-blanko-BILD.jpg\"><img loading=\"lazy\" decoding=\"async\" class=\"alignnone size-full wp-image-40441\" src=\"https:\/\/iuzb.de\/wp-content\/uploads\/2022\/11\/2022-11-03-Einladung-Tagesordnung-DV-24.11.2022-blanko-BILD.jpg\" alt=\"\" width=\"906\" height=\"1185\" srcset=\"https:\/\/iuzb.de\/wp-content\/uploads\/2022\/11\/2022-11-03-Einladung-Tagesordnung-DV-24.11.2022-blanko-BILD.jpg 906w, https:\/\/iuzb.de\/wp-content\/uploads\/2022\/11\/2022-11-03-Einladung-Tagesordnung-DV-24.11.2022-blanko-BILD-229x300.jpg 229w, https:\/\/iuzb.de\/wp-content\/uploads\/2022\/11\/2022-11-03-Einladung-Tagesordnung-DV-24.11.2022-blanko-BILD-92x120.jpg 92w, https:\/\/iuzb.de\/wp-content\/uploads\/2022\/11\/2022-11-03-Einladung-Tagesordnung-DV-24.11.2022-blanko-BILD-768x1005.jpg 768w\" sizes=\"auto, (max-width: 906px) 100vw, 906px\" \/><\/a><\/p>\n<p>TOP 9:<\/p>\n<ul>\n<li><span style=\"text-decoration: underline;\"><strong>Antrag:<\/strong><\/span><br \/>\n<a href=\"https:\/\/iuzb.de\/?p=40385\" target=\"_blank\" rel=\"noopener\">\u201eK\u00fcndigung der Mitgliedschaft der Zahn\u00e4rztekammer Berlin K.d.\u00f6.R. in der Arbeitsgemeinschaft Bundeszahn\u00e4rztekammer e.V.\u201c<\/a><\/li>\n<\/ul>\n<p>&nbsp;<\/p>\n<p>Weiterf\u00fchrend &#8211; <strong>IUZB Bericht:<\/strong><\/p>\n<ul>\n<li><strong>Rede von Dr. Andreas Hessberger<\/strong> (IUZB),<br \/>\nBundesversammlungsdelegierter der Zahn\u00e4rztekammer Berlin, vom 05.11.2022 in M\u00fcnchen:<br \/>\n<a href=\"https:\/\/iuzb.de\/?p=40413\" target=\"_blank\" rel=\"noopener\"><strong><span style=\"font-size: 14pt;\">H\u00f6here BZ\u00c4K-Beitr\u00e4ge f\u00fcr Berliner Zahn\u00e4rzte<\/span><\/strong><\/a><\/li>\n<\/ul>\n","protected":false},"excerpt":{"rendered":"<p>TOP 9: Antrag: \u201eK\u00fcndigung der Mitgliedschaft der Zahn\u00e4rztekammer Berlin K.d.\u00f6.R. in der Arbeitsgemeinschaft Bundeszahn\u00e4rztekammer e.V.\u201c &nbsp; Weiterf\u00fchrend &#8211; IUZB Bericht: Rede von Dr. Andreas Hessberger (IUZB), Bundesversammlungsdelegierter der Zahn\u00e4rztekammer Berlin, [&#8230;]<\/p>\n","protected":false},"author":13,"featured_media":33267,"comment_status":"open","ping_status":"closed","sticky":false,"template":"","format":"standard","meta":{"ngg_post_thumbnail":0,"iawp_total_views":0,"footnotes":""},"categories":[305,121,91,46],"tags":[],"class_list":["post-40439","post","type-post","status-publish","format-standard","has-post-thumbnail","hentry","category-bundesversammlung","category-bzaek","category-delegiertenversammlung","category-zahnaerztekammer-berlin"],"_links":{"self":[{"href":"https:\/\/iuzb.de\/index.php?rest_route=\/wp\/v2\/posts\/40439","targetHints":{"allow":["GET"]}}],"collection":[{"href":"https:\/\/iuzb.de\/index.php?rest_route=\/wp\/v2\/posts"}],"about":[{"href":"https:\/\/iuzb.de\/index.php?rest_route=\/wp\/v2\/types\/post"}],"author":[{"embeddable":true,"href":"https:\/\/iuzb.de\/index.php?rest_route=\/wp\/v2\/users\/13"}],"replies":[{"embeddable":true,"href":"https:\/\/iuzb.de\/index.php?rest_route=%2Fwp%2Fv2%2Fcomments&post=40439"}],"version-history":[{"count":6,"href":"https:\/\/iuzb.de\/index.php?rest_route=\/wp\/v2\/posts\/40439\/revisions"}],"predecessor-version":[{"id":40446,"href":"https:\/\/iuzb.de\/index.php?rest_route=\/wp\/v2\/posts\/40439\/revisions\/40446"}],"wp:featuredmedia":[{"embeddable":true,"href":"https:\/\/iuzb.de\/index.php?rest_route=\/wp\/v2\/media\/33267"}],"wp:attachment":[{"href":"https:\/\/iuzb.de\/index.php?rest_route=%2Fwp%2Fv2%2Fmedia&parent=40439"}],"wp:term":[{"taxonomy":"category","embeddable":true,"href":"https:\/\/iuzb.de\/index.php?rest_route=%2Fwp%2Fv2%2Fcategories&post=40439"},{"taxonomy":"post_tag","embeddable":true,"href":"https:\/\/iuzb.de\/index.php?rest_route=%2Fwp%2Fv2%2Ftags&post=40439"}],"curies":[{"name":"wp","href":"https:\/\/api.w.org\/{rel}","templated":true}]}}