{"id":40385,"date":"2022-11-02T17:51:53","date_gmt":"2022-11-02T16:51:53","guid":{"rendered":"https:\/\/iuzb.de\/?p=40385"},"modified":"2024-11-16T03:30:41","modified_gmt":"2024-11-16T02:30:41","slug":"vorratsantrag-zur-dv-am-24-11-2022-kuendigung-der-mitgliedschaft-der-zahnaerztekammer-berlin-k-d-oe-r-in-der-arbeitsgemeinschaft-bundeszahnaerztekammer-e-v","status":"publish","type":"post","link":"https:\/\/iuzb.de\/?p=40385","title":{"rendered":"Vorratsantrag zur DV am 24.11.2022: &#8222;K\u00fcndigung der Mitgliedschaft der Zahn\u00e4rztekammer Berlin K.d.\u00f6.R. in der Arbeitsgemeinschaft Bundeszahn\u00e4rztekammer e.V.&#8220;"},"content":{"rendered":"<p>Hinweis f\u00fcr unsere Leserschaft: Nachfolgender Antrag wurde f\u00fcr den Fall eingereicht, dass die Bundesversammlung der Bundeszahn\u00e4rztekammer am 04.\/05.11.2022 in M\u00fcnchen eine Erh\u00f6hung der Mitgliedsbeitr\u00e4ge von \u00fcber 15% ab 2024 beschlie\u00dfen wird (siehe unten <a href=\"https:\/\/iuzb.de\/wp-content\/uploads\/2022\/11\/Anlage-1-2022-11-04-BZAeK-BV-Antrag-Mitgliedsbeitrag-2024.jpg\" target=\"_blank\" rel=\"noopener\">Anlage 1<\/a>).<\/p>\n<p>_______________________________<\/p>\n<p>&nbsp;<\/p>\n<blockquote><p>Antragsbezeichnung:<br \/>\n<em>&#8222;K\u00fcndigung der Mitgliedschaft der Zahn\u00e4rztekammer Berlin K.d.\u00f6.R. in der Arbeitsgemeinschaft Bundeszahn\u00e4rztekammer e.V.&#8220;<\/em><\/p>\n<p style=\"text-align: justify;\"><span style=\"text-decoration: underline;\"><strong>Antrag zur Delegiertenversammlung<br \/>\nder Zahn\u00e4rztekammer Berlin am 24.11.2022:<\/strong><\/span><\/p>\n<p style=\"text-align: justify;\"><strong>Wir beantragen, dass die Zahn\u00e4rztekammer Berlin K.d.\u00f6.R. zum n\u00e4chstm\u00f6glichen Zeitpunkt ihre Mitgliedschaft in der Bundeszahn\u00e4rztekammer &#8211; Arbeitsgemeinschaft der Deutschen Zahn\u00e4rztekammern e.V. (BZ\u00c4K) k\u00fcndigt, also ihren Austritt erkl\u00e4rt.<\/strong><\/p>\n<p style=\"text-align: justify;\"><span style=\"text-decoration: underline;\">Begr\u00fcndung:<\/span><br \/>\nNach unseren Informationen steht bei der Bundeszahn\u00e4rztekammer im Rahmen der Sitzung am 04.\/05.11.2022 eine Erh\u00f6hung der Aufwandsentsch\u00e4digungen f\u00fcr den BZ\u00c4K-Vorstand und des Mitgliedsbeitrages an (Anlage).<\/p>\n<p style=\"text-align: justify;\">Wir gehen davon aus, dass die Mitgliedschaft unserer Kammer keinen der exorbitanten Beitragsh\u00f6he angemessenen (Mehr)Wert bietet. Zur massiven Entlastung unseres Kammerhaushalts erscheint daher ein Austritt aus der Arbeitsgemeinschaft als eine Alternative, \u00fcber welche die Delegiertenversammlung eine <span style=\"text-decoration: underline;\">Aktiventscheidung<\/span> treffen sollte.<\/p>\n<p style=\"text-align: justify;\">Ein entsprechender Vorratsbeschluss wurde von der Delegiertenversammlung am 17.02.2022 zwar mit 16 zu 17 Stimmen abgelehnt, das Ergebnis war jedoch derart knapp (Protokollauszug ist als Anlage beigef\u00fcgt), dass es geboten erscheint, die Delegiertenversammlung um ein erneutes Votum zu bitten.<\/p>\n<p style=\"text-align: justify;\">Auch deshalb, weil die Mitgliedschaft in der Zahn\u00e4rztekammer Berlin als K\u00f6rperschaft des \u00f6ffentlichen Rechts f\u00fcr alle Kolleg*innen keine freiwillige Entscheidung, sondern eine gesetzliche Pflicht (&#8222;Zwangsmitgliedschaft&#8220;) ist. Von daher ist es Aufgabe der Delegiertenversammlung, alle bedeutsamen Ausgaben &#8211; hier ca. 77.000.- Euro j\u00e4hrlich &#8211; einer fortlaufen \u00dcberpr\u00fcfung zu unterziehen. Dies gilt insbesondere auch f\u00fcr die Mitgliedschaft in der Arbeitsgemeinschaft Bundeszahn\u00e4rztekammer, denn wegen der ohnehin schon exorbitanten Beitragsh\u00f6he von ca. 500.000.- Euro zuz\u00fcglich Reisekosten und Sitzungsgelder in H\u00f6he von ca. 50.000.- Euro darf es hier keinen Verbleibsautomatismus und im Rahmen der Haushaltsbeschl\u00fcsse keinen Abnickungsautomatismus geben, da in Anbetracht der angestrebten Beitragserh\u00f6hung durch die BZ\u00c4K eine Erh\u00f6hung der Berliner Kammerbeitr\u00e4ge nahezu unumg\u00e4nglich erscheint.<\/p>\n<p style=\"text-align: justify;\">Die finanziellen Spielr\u00e4ume in den Praxen sind durch Jahrzehnte der Nichtanpassung der GOZ, aktueller Deckelung, erheblich gestiegener Kosten bei Personal, Energie, Material, Miete, etc. ohnehin signifikant eingeschr\u00e4nkt, so dass jedwede Mehrbelastung insbesondere durch die Kollegenschaft vermieden werden sollte.<\/p>\n<p style=\"text-align: justify;\">Sollte keine \u00c4nderung der Aufwandsentsch\u00e4digungen bzw. Beitr\u00e4ge erfolgen ziehen wir den Antrag zur\u00fcck.<\/p>\n<p style=\"text-align: justify;\"><strong>Jedes Mitglied der Delegiertenversammlung wird daher gebeten (s)ein Votum abzugeben.<\/strong><\/p>\n<p style=\"text-align: justify;\"><strong>Gerhard Gneist<\/strong><br \/>\n<strong>Dr. Helmut Dohmeier-de Haan<\/strong><br \/>\n<strong>Alexander Klutke<\/strong><br \/>\n<strong>Frank Bloch<\/strong><br \/>\n<strong>Delegierte (Wahlliste IUZB e.V.)<\/strong><\/p>\n<p><span style=\"text-decoration: underline;\">Anlagen:<\/span><\/p>\n<ol>\n<li><a href=\"https:\/\/iuzb.de\/wp-content\/uploads\/2022\/11\/Anlage-1-2022-11-04-BZAeK-BV-Antrag-Mitgliedsbeitrag-2024.jpg\" target=\"_blank\" rel=\"noopener\">BZ\u00c4K<\/a>, Bundesversammlung 04.\/05.11.2022, TOP 7.2, Antrag 5 \u2013 Mitgliedbeitrag 2024 (Erh\u00f6hung von 9,70\u20ac auf 11,20\u20ac)<\/li>\n<li><a href=\"https:\/\/iuzb.de\/wp-content\/uploads\/2022\/11\/Anlage-2-BZAeK-Jahresbericht-2021-22-Beitragsaufkommen.jpg\" target=\"_blank\" rel=\"noopener\">BZ\u00c4K<\/a>, Beitragsaufkommen bisher mit Anteil Z\u00c4K Berlin<\/li>\n<li>Z\u00c4K Berlin, DV, Protokollauszug vom 17.02.2022<\/li>\n<li><a href=\"https:\/\/www.zaek-berlin.de\/ueber-uns\/rundschreiben\/rundschreiben-detail\/article\/sonderrundschreiben-12018.html\" target=\"_blank\" rel=\"noopener\">Z\u00c4K Berlin<\/a>, Sonderrundschreiben 1\/2018 Kammerbeitragserh\u00f6hung<\/li>\n<\/ol>\n<p><span style=\"color: #ffffff;\">.<\/span><\/p><\/blockquote>\n<p>&nbsp;<\/p>\n<p>&nbsp;<\/p>\n<p><span style=\"text-decoration: underline;\"><strong>Anlage 1:<\/strong><\/span><\/p>\n<p><a href=\"https:\/\/iuzb.de\/wp-content\/uploads\/2022\/11\/Anlage-1-2022-11-04-BZAeK-BV-Antrag-Mitgliedsbeitrag-2024.jpg\"><img loading=\"lazy\" decoding=\"async\" class=\"alignnone size-full wp-image-40388\" src=\"https:\/\/iuzb.de\/wp-content\/uploads\/2022\/11\/Anlage-1-2022-11-04-BZAeK-BV-Antrag-Mitgliedsbeitrag-2024.jpg\" alt=\"\" width=\"838\" height=\"752\" srcset=\"https:\/\/iuzb.de\/wp-content\/uploads\/2022\/11\/Anlage-1-2022-11-04-BZAeK-BV-Antrag-Mitgliedsbeitrag-2024.jpg 838w, https:\/\/iuzb.de\/wp-content\/uploads\/2022\/11\/Anlage-1-2022-11-04-BZAeK-BV-Antrag-Mitgliedsbeitrag-2024-334x300.jpg 334w, https:\/\/iuzb.de\/wp-content\/uploads\/2022\/11\/Anlage-1-2022-11-04-BZAeK-BV-Antrag-Mitgliedsbeitrag-2024-134x120.jpg 134w, https:\/\/iuzb.de\/wp-content\/uploads\/2022\/11\/Anlage-1-2022-11-04-BZAeK-BV-Antrag-Mitgliedsbeitrag-2024-768x689.jpg 768w\" sizes=\"auto, (max-width: 838px) 100vw, 838px\" \/><\/a><\/p>\n<p>&nbsp;<\/p>\n<p><span style=\"text-decoration: underline;\"><strong>Anlage2:<\/strong><\/span><\/p>\n<p><a href=\"https:\/\/iuzb.de\/wp-content\/uploads\/2022\/11\/Anlage-2-BZAeK-Jahresbericht-2021-22-Beitragsaufkommen.jpg\"><img loading=\"lazy\" decoding=\"async\" class=\"alignnone size-full wp-image-40389\" src=\"https:\/\/iuzb.de\/wp-content\/uploads\/2022\/11\/Anlage-2-BZAeK-Jahresbericht-2021-22-Beitragsaufkommen.jpg\" alt=\"\" width=\"1053\" height=\"848\" srcset=\"https:\/\/iuzb.de\/wp-content\/uploads\/2022\/11\/Anlage-2-BZAeK-Jahresbericht-2021-22-Beitragsaufkommen.jpg 1053w, https:\/\/iuzb.de\/wp-content\/uploads\/2022\/11\/Anlage-2-BZAeK-Jahresbericht-2021-22-Beitragsaufkommen-373x300.jpg 373w, https:\/\/iuzb.de\/wp-content\/uploads\/2022\/11\/Anlage-2-BZAeK-Jahresbericht-2021-22-Beitragsaufkommen-149x120.jpg 149w, https:\/\/iuzb.de\/wp-content\/uploads\/2022\/11\/Anlage-2-BZAeK-Jahresbericht-2021-22-Beitragsaufkommen-768x618.jpg 768w\" sizes=\"auto, (max-width: 1053px) 100vw, 1053px\" \/><\/a><\/p>\n","protected":false},"excerpt":{"rendered":"<p>Hinweis f\u00fcr unsere Leserschaft: Nachfolgender Antrag wurde f\u00fcr den Fall eingereicht, dass die Bundesversammlung der Bundeszahn\u00e4rztekammer am 04.\/05.11.2022 in M\u00fcnchen eine Erh\u00f6hung der Mitgliedsbeitr\u00e4ge von \u00fcber 15% ab 2024 beschlie\u00dfen [&#8230;]<\/p>\n","protected":false},"author":13,"featured_media":32956,"comment_status":"closed","ping_status":"closed","sticky":false,"template":"","format":"standard","meta":{"ngg_post_thumbnail":0,"iawp_total_views":6,"footnotes":""},"categories":[400,305,121,91,46],"tags":[],"class_list":["post-40385","post","type-post","status-publish","format-standard","has-post-thumbnail","hentry","category-austritt-zaek-berlin-aus-bzaek","category-bundesversammlung","category-bzaek","category-delegiertenversammlung","category-zahnaerztekammer-berlin"],"_links":{"self":[{"href":"https:\/\/iuzb.de\/index.php?rest_route=\/wp\/v2\/posts\/40385","targetHints":{"allow":["GET"]}}],"collection":[{"href":"https:\/\/iuzb.de\/index.php?rest_route=\/wp\/v2\/posts"}],"about":[{"href":"https:\/\/iuzb.de\/index.php?rest_route=\/wp\/v2\/types\/post"}],"author":[{"embeddable":true,"href":"https:\/\/iuzb.de\/index.php?rest_route=\/wp\/v2\/users\/13"}],"replies":[{"embeddable":true,"href":"https:\/\/iuzb.de\/index.php?rest_route=%2Fwp%2Fv2%2Fcomments&post=40385"}],"version-history":[{"count":15,"href":"https:\/\/iuzb.de\/index.php?rest_route=\/wp\/v2\/posts\/40385\/revisions"}],"predecessor-version":[{"id":46424,"href":"https:\/\/iuzb.de\/index.php?rest_route=\/wp\/v2\/posts\/40385\/revisions\/46424"}],"wp:featuredmedia":[{"embeddable":true,"href":"https:\/\/iuzb.de\/index.php?rest_route=\/wp\/v2\/media\/32956"}],"wp:attachment":[{"href":"https:\/\/iuzb.de\/index.php?rest_route=%2Fwp%2Fv2%2Fmedia&parent=40385"}],"wp:term":[{"taxonomy":"category","embeddable":true,"href":"https:\/\/iuzb.de\/index.php?rest_route=%2Fwp%2Fv2%2Fcategories&post=40385"},{"taxonomy":"post_tag","embeddable":true,"href":"https:\/\/iuzb.de\/index.php?rest_route=%2Fwp%2Fv2%2Ftags&post=40385"}],"curies":[{"name":"wp","href":"https:\/\/api.w.org\/{rel}","templated":true}]}}