{"id":40324,"date":"2022-10-31T09:21:52","date_gmt":"2022-10-31T08:21:52","guid":{"rendered":"https:\/\/iuzb.de\/?p=40324"},"modified":"2022-10-31T09:22:26","modified_gmt":"2022-10-31T08:22:26","slug":"gkv-versichertenbefragung-69-prozent-sind-mit-solidarischem-gesundheitssystem-zufrieden","status":"publish","type":"post","link":"https:\/\/iuzb.de\/?p=40324","title":{"rendered":"GKV-Versichertenbefragung: 69 Prozent sind mit solidarischem Gesundheitssystem zufrieden"},"content":{"rendered":"<p style=\"text-align: justify;\">69 Prozent der gesetzlich Versicherten sind mit dem solidarischen Gesundheitssystem insgesamt zufrieden und best\u00e4tigen, dass es sich in der Corona-Pandemie bew\u00e4hrt hat. Das ist ein Ergebnis der repr\u00e4sentativen GKV-Versichertenbefragung des GKV-Spitzenverbands. Die Versorgung, also die konkrete Behandlung in Praxen und anderen Einrichtungen, bewerten 58 Prozent positiv &#8211; eine Steigerung gegen\u00fcber 2019.<\/p>\n<p style=\"text-align: justify;\">Quelle: GKV-Spitzenverband, <a href=\"https:\/\/www.gkv-spitzenverband.de\/gkv_spitzenverband\/presse\/pressemitteilungen_und_statements\/pressemitteilung_1522688.jsp\" target=\"_blank\" rel=\"noopener\">Pressemitteilung vom 31.10.2022<\/a><\/p>\n<p>&nbsp;<\/p>\n<p>&nbsp;<\/p>\n","protected":false},"excerpt":{"rendered":"<p>69 Prozent der gesetzlich Versicherten sind mit dem solidarischen Gesundheitssystem insgesamt zufrieden und best\u00e4tigen, dass es sich in der Corona-Pandemie bew\u00e4hrt hat. Das ist ein Ergebnis der repr\u00e4sentativen GKV-Versichertenbefragung des [&#8230;]<\/p>\n","protected":false},"author":13,"featured_media":0,"comment_status":"open","ping_status":"closed","sticky":false,"template":"","format":"standard","meta":{"ngg_post_thumbnail":0,"iawp_total_views":1,"footnotes":""},"categories":[283],"tags":[],"class_list":["post-40324","post","type-post","status-publish","format-standard","hentry","category-gkv-spitzenverband"],"_links":{"self":[{"href":"https:\/\/iuzb.de\/index.php?rest_route=\/wp\/v2\/posts\/40324","targetHints":{"allow":["GET"]}}],"collection":[{"href":"https:\/\/iuzb.de\/index.php?rest_route=\/wp\/v2\/posts"}],"about":[{"href":"https:\/\/iuzb.de\/index.php?rest_route=\/wp\/v2\/types\/post"}],"author":[{"embeddable":true,"href":"https:\/\/iuzb.de\/index.php?rest_route=\/wp\/v2\/users\/13"}],"replies":[{"embeddable":true,"href":"https:\/\/iuzb.de\/index.php?rest_route=%2Fwp%2Fv2%2Fcomments&post=40324"}],"version-history":[{"count":2,"href":"https:\/\/iuzb.de\/index.php?rest_route=\/wp\/v2\/posts\/40324\/revisions"}],"predecessor-version":[{"id":40326,"href":"https:\/\/iuzb.de\/index.php?rest_route=\/wp\/v2\/posts\/40324\/revisions\/40326"}],"wp:attachment":[{"href":"https:\/\/iuzb.de\/index.php?rest_route=%2Fwp%2Fv2%2Fmedia&parent=40324"}],"wp:term":[{"taxonomy":"category","embeddable":true,"href":"https:\/\/iuzb.de\/index.php?rest_route=%2Fwp%2Fv2%2Fcategories&post=40324"},{"taxonomy":"post_tag","embeddable":true,"href":"https:\/\/iuzb.de\/index.php?rest_route=%2Fwp%2Fv2%2Ftags&post=40324"}],"curies":[{"name":"wp","href":"https:\/\/api.w.org\/{rel}","templated":true}]}}