{"id":40129,"date":"2022-10-13T07:55:31","date_gmt":"2022-10-13T05:55:31","guid":{"rendered":"https:\/\/iuzb.de\/?p=40129"},"modified":"2022-10-13T08:02:33","modified_gmt":"2022-10-13T06:02:33","slug":"bundesregierung-neue-wege-zur-fachkraeftesicherung","status":"publish","type":"post","link":"https:\/\/iuzb.de\/?p=40129","title":{"rendered":"Bundesregierung: Neue Wege zur Fachkr\u00e4ftesicherung"},"content":{"rendered":"<p>Die Bundesregierung ruft alle Akteure am Arbeitsmarkt zu einem gemeinsamen Kraftakt auf. Die Weiterentwicklung des Fachkr\u00e4fteeinwanderungsgesetz soll Anfang 2023 im Kabinett gebilligt werden.<\/p>\n<p>Bundesregierung, 12.10.2022:<\/p>\n<ul>\n<li><a href=\"https:\/\/www.bundesregierung.de\/breg-de\/aktuelles\/fachkraeftestrategie-2133284\" target=\"_blank\" rel=\"noopener\">Fachkr\u00e4ftestrategie der Bundesregierung Neue Wege zur Fachkr\u00e4ftesicherung<\/a><\/li>\n<li><a href=\"https:\/\/www.bmas.de\/DE\/Service\/Presse\/Pressemitteilungen\/2022\/fachkraeftestrategie-vom-kabinett-beschlossen.html\" target=\"_blank\" rel=\"noopener\">Fachkr\u00e4ftestrategie<\/a><\/li>\n<\/ul>\n<p><a href=\"https:\/\/www.bmas.de\/SharedDocs\/Downloads\/DE\/Publikationen\/fachkraeftestrategie-der-bundesregierung.pdf?__blob=publicationFile&amp;v=5\" target=\"_blank\" rel=\"noopener\"><strong>Seite 11: Berufsgruppen mit zunehmenden Fachkr\u00e4fteengp\u00e4ssen<\/strong><\/a><\/p>\n<blockquote>\n<p style=\"text-align: justify;\">[&#8230;] In den Gesundheits- und Erziehungsberufen ist durchweg mit einer zunehmenden Besch\u00e4ftigung zu rechnen. Hier spiegelt sich die demografische Entwicklung wider. Der Zustrom junger gefl\u00fcchteter Frauen mit Kindern aufgrund des Krieges in der Ukraine erh\u00f6ht die Nachfrage nach Arbeitskr\u00e4ften in den Berufsgruppen \u201eErziehung, Sozialarbeit, Heilerziehungspflege\u201c und \u201eLehrt\u00e4tigkeit an allgemeinbildenden Schulen\u201c, die zunehmende Zahl \u00e4lterer Menschen die Nachfrage nach Arbeitskr\u00e4ften in den Berufsgruppen \u201eAltenpflege\u201c und \u201eGesundheits-, Krankenpflege, Rettungsdienst, Geburtshilfe\u201c. <strong>Auch die Nachfrage nach \u201eHuman- und Zahnmedizin\u201c<\/strong> sowie \u201eNicht \u00e4rztlicher Therapie und Heilkunde\u201c <strong>nimmt zu.<\/strong><br \/>\nIn all diesen Berufen arbeiten \u00fcberwiegend Frauen mit durchschnittlichen Jahresarbeitszeiten unterhalb denen aller Berufsgruppen. [&#8230;]<\/p>\n<\/blockquote>\n","protected":false},"excerpt":{"rendered":"<p>Die Bundesregierung ruft alle Akteure am Arbeitsmarkt zu einem gemeinsamen Kraftakt auf. Die Weiterentwicklung des Fachkr\u00e4fteeinwanderungsgesetz soll Anfang 2023 im Kabinett gebilligt werden. Bundesregierung, 12.10.2022: Fachkr\u00e4ftestrategie der Bundesregierung Neue Wege [&#8230;]<\/p>\n","protected":false},"author":13,"featured_media":0,"comment_status":"open","ping_status":"closed","sticky":false,"template":"","format":"standard","meta":{"ngg_post_thumbnail":0,"iawp_total_views":1,"footnotes":""},"categories":[107],"tags":[],"class_list":["post-40129","post","type-post","status-publish","format-standard","hentry","category-zfa"],"_links":{"self":[{"href":"https:\/\/iuzb.de\/index.php?rest_route=\/wp\/v2\/posts\/40129","targetHints":{"allow":["GET"]}}],"collection":[{"href":"https:\/\/iuzb.de\/index.php?rest_route=\/wp\/v2\/posts"}],"about":[{"href":"https:\/\/iuzb.de\/index.php?rest_route=\/wp\/v2\/types\/post"}],"author":[{"embeddable":true,"href":"https:\/\/iuzb.de\/index.php?rest_route=\/wp\/v2\/users\/13"}],"replies":[{"embeddable":true,"href":"https:\/\/iuzb.de\/index.php?rest_route=%2Fwp%2Fv2%2Fcomments&post=40129"}],"version-history":[{"count":4,"href":"https:\/\/iuzb.de\/index.php?rest_route=\/wp\/v2\/posts\/40129\/revisions"}],"predecessor-version":[{"id":40133,"href":"https:\/\/iuzb.de\/index.php?rest_route=\/wp\/v2\/posts\/40129\/revisions\/40133"}],"wp:attachment":[{"href":"https:\/\/iuzb.de\/index.php?rest_route=%2Fwp%2Fv2%2Fmedia&parent=40129"}],"wp:term":[{"taxonomy":"category","embeddable":true,"href":"https:\/\/iuzb.de\/index.php?rest_route=%2Fwp%2Fv2%2Fcategories&post=40129"},{"taxonomy":"post_tag","embeddable":true,"href":"https:\/\/iuzb.de\/index.php?rest_route=%2Fwp%2Fv2%2Ftags&post=40129"}],"curies":[{"name":"wp","href":"https:\/\/api.w.org\/{rel}","templated":true}]}}