{"id":40050,"date":"2022-10-02T22:24:51","date_gmt":"2022-10-02T20:24:51","guid":{"rendered":"https:\/\/iuzb.de\/?p=40050"},"modified":"2022-10-02T22:33:07","modified_gmt":"2022-10-02T20:33:07","slug":"brandenburgs-hausaerzte-schraenken-praxis-sprechzeiten-aus-protest-ein","status":"publish","type":"post","link":"https:\/\/iuzb.de\/?p=40050","title":{"rendered":"Brandenburgs Haus\u00e4rzte schr\u00e4nken Praxis-Sprechzeiten aus Protest ein"},"content":{"rendered":"<p>rbb, 02.10.2022:<\/p>\n<ul>\n<li><a href=\"https:\/\/www.rbb24.de\/panorama\/beitrag\/2022\/09\/hausaerzte-einschraenkungen-praxiszeiten-brandenburg.html\" target=\"_blank\" rel=\"noopener\">Haus\u00e4rzte in Brandenburg werden in der kommenden Woche eine landesweite Protestaktion starten und ihre Praxis-Sprechzeiten einschr\u00e4nken.<\/a><\/li>\n<\/ul>\n<p>Haus\u00e4rzteverband Brandenburg:<\/p>\n<ul>\n<li><a href=\"https:\/\/hausaerzteverband-brandenburg.de\/\" target=\"_blank\" rel=\"noopener\">Protest-Aktionswoche<\/a><\/li>\n<li><a href=\"https:\/\/hausaerzteverband-brandenburg.de\/2022\/09\/27\/landesweite-protestwoche-in-arztpraxen-flaechendeckende-hausaerztliche-versorgung-muss-zukunftsfest-bleiben\/\" target=\"_blank\" rel=\"noopener\">Landesweite Protestwoche in Arztpraxen: Fl\u00e4chendeckende haus\u00e4rztliche Versorgung muss zukunftsfest bleiben<\/a><\/li>\n<li><a href=\"https:\/\/hausaerzteverband-brandenburg.de\/start\/2022-09-27-patienteninformation-zur-aktionswoche\/\" target=\"_blank\" rel=\"noopener\">Patienteninformation<\/a><\/li>\n<\/ul>\n<p>KV Brandenburg:<\/p>\n<ul>\n<li><a href=\"https:\/\/www.kvbb.de\/praxis\/ansicht-news\/article\/in-den-praxen-wird-es-kalt-und-dunkel\/19\/archive\/2022\/\" target=\"_blank\" rel=\"noopener\">In den Praxen wird es kalt und dunkel<\/a><br \/>\nResolution der KVBB-Vertreterversammlung vom 30. September 2022<\/li>\n<\/ul>\n<p>&nbsp;<\/p>\n<p>&nbsp;<\/p>\n","protected":false},"excerpt":{"rendered":"<p>rbb, 02.10.2022: Haus\u00e4rzte in Brandenburg werden in der kommenden Woche eine landesweite Protestaktion starten und ihre Praxis-Sprechzeiten einschr\u00e4nken. Haus\u00e4rzteverband Brandenburg: Protest-Aktionswoche Landesweite Protestwoche in Arztpraxen: Fl\u00e4chendeckende haus\u00e4rztliche Versorgung muss zukunftsfest [&#8230;]<\/p>\n","protected":false},"author":13,"featured_media":0,"comment_status":"open","ping_status":"closed","sticky":false,"template":"","format":"standard","meta":{"ngg_post_thumbnail":0,"iawp_total_views":2,"footnotes":""},"categories":[325],"tags":[],"class_list":["post-40050","post","type-post","status-publish","format-standard","hentry","category-gkv-finanzstabilisierungsgesetz-2022-23"],"_links":{"self":[{"href":"https:\/\/iuzb.de\/index.php?rest_route=\/wp\/v2\/posts\/40050","targetHints":{"allow":["GET"]}}],"collection":[{"href":"https:\/\/iuzb.de\/index.php?rest_route=\/wp\/v2\/posts"}],"about":[{"href":"https:\/\/iuzb.de\/index.php?rest_route=\/wp\/v2\/types\/post"}],"author":[{"embeddable":true,"href":"https:\/\/iuzb.de\/index.php?rest_route=\/wp\/v2\/users\/13"}],"replies":[{"embeddable":true,"href":"https:\/\/iuzb.de\/index.php?rest_route=%2Fwp%2Fv2%2Fcomments&post=40050"}],"version-history":[{"count":6,"href":"https:\/\/iuzb.de\/index.php?rest_route=\/wp\/v2\/posts\/40050\/revisions"}],"predecessor-version":[{"id":40056,"href":"https:\/\/iuzb.de\/index.php?rest_route=\/wp\/v2\/posts\/40050\/revisions\/40056"}],"wp:attachment":[{"href":"https:\/\/iuzb.de\/index.php?rest_route=%2Fwp%2Fv2%2Fmedia&parent=40050"}],"wp:term":[{"taxonomy":"category","embeddable":true,"href":"https:\/\/iuzb.de\/index.php?rest_route=%2Fwp%2Fv2%2Fcategories&post=40050"},{"taxonomy":"post_tag","embeddable":true,"href":"https:\/\/iuzb.de\/index.php?rest_route=%2Fwp%2Fv2%2Ftags&post=40050"}],"curies":[{"name":"wp","href":"https:\/\/api.w.org\/{rel}","templated":true}]}}