{"id":39953,"date":"2022-09-22T13:10:00","date_gmt":"2022-09-22T11:10:00","guid":{"rendered":"https:\/\/iuzb.de\/?p=39953"},"modified":"2022-09-22T13:12:18","modified_gmt":"2022-09-22T11:12:18","slug":"zum-tag-der-zahngesundheit-gesund-beginnt-im-mund-in-kita-schule-kreativ-wettbewerb-der-zahnaerztekammer-berlin-fuer-berliner-grundschulkinder","status":"publish","type":"post","link":"https:\/\/iuzb.de\/?p=39953","title":{"rendered":"Zum Tag der Zahngesundheit \u201eGesund beginnt im Mund \u2013 in Kita &#038; Schule&#8220;: Kreativ-Wettbewerb der Zahn\u00e4rztekammer Berlin f\u00fcr Berliner Grundschulkinder"},"content":{"rendered":"<p style=\"text-align: justify;\">Zum \u201eTag der Zahngesundheit&#8220; am 25. September 2022 veranstalten die Zahn\u00e4rztekammer (Z\u00c4K) Berlin, die Landesarbeitsgemeinschaft Berlin zur Verh\u00fctung von Zahnerkrankungen e. V. (LAG Berlin) und die Mitteldeutsche Zahntechniker-Innung einen Kreativ-Wettbewerb unter dem diesj\u00e4hrigen Motto des bundesweiten Aktionstages \u201eGesund beginnt im Mund \u2013 in Kita &amp; Schule&#8220;. Bis zum 30. November 2022 k\u00f6nnen alle Kinder der 1., 2. und 3. Klasse der Berliner Grundschulen ihre Bilder, Zeichnungen, Bastelarbeiten und Collagen als Einzel- oder Gruppenarbeit zum Motto bei der Kammer einreichen. Die zehn besten Wettbewerbsbeitr\u00e4ge werden <strong>mit attraktiven Preisen f\u00fcr die ganze Klasse<\/strong> belohnt, zum Beispiel mit einem <strong>gef\u00fchrten Besuch der Zooschule im Zoo Berlin<\/strong>, des <strong>Labyrinth Kindermuseums<\/strong> oder des <strong>Berliner Naturkundemuseums<\/strong>.<\/p>\n<p style=\"text-align: justify;\">\u201eWie putze ich meine Z\u00e4hne richtig? Wie h\u00e4ngen Ern\u00e4hrung und Mundgesundheit zusammen? Der Tag der Zahngesundheit ist ein sch\u00f6ner Anlass, Kinder altersgerecht und spielerisch auf das wichtige Thema Mundgesundheit aufmerksam zu machen. Unser Kreativ-Wettbewerb mit tollen Preisen f\u00fcr die ganze Klasse sowie Unterrichtsmaterialien, Bastelanregungen und Videos sollen Kinder dabei unterst\u00fctzen, Zahnhygiene und zahngesunde Ern\u00e4hrung mit Spa\u00df fest in ihren Tagesablauf zu integrieren&#8220;, erl\u00e4utern <strong>Zahn\u00e4rztin Barbara Plaster<\/strong>, Vizepr\u00e4sidentin, und <strong>Dr. Silke Riemer<\/strong>, Mitglied des Vorstandes und Leiterin des Referats Pr\u00e4vention und Gesellschaftliches Engagement der Z\u00c4K Berlin, das Ziel des Wettbewerbs.<\/p>\n<p style=\"text-align: justify;\">Die aktuelle Aktion erg\u00e4nzt die ganzj\u00e4hrig wichtige Aufkl\u00e4rungsarbeit der LAG Berlin bei Kita- und Schulkindern f\u00fcr ein (zahn-)gesundes Aufwachsen, so <strong>Andreas Dietze<\/strong>, Gesch\u00e4ftsf\u00fchrer der LAG Berlin: \u201eDie zahnmedizinische Gruppenprophylaxe sorgt f\u00fcr Versorgungs- und Verteilungsgerechtigkeit und ist seit mehr als drei Jahrzehnten eine Erfolgsgeschichte. Die Corona-Pandemie hat gezeigt, wie wichtig das niedrigschwellige Angebot in den Kitas und Schulen f\u00fcr die F\u00f6rderung der Zahngesundheit ist. Denn Zahngesundheit ist nicht selbstverst\u00e4ndlich, sondern setzt auch weiterhin nicht nachlassende Anstrengungen aller Beteiligten voraus.&#8220;<\/p>\n<p style=\"text-align: justify;\">Weitere Informationen zum Wettbewerb \u201eGesund beginnt im Mund \u2013 in Kita &amp; Schule&#8220; sowie f\u00e4cher\u00fcbergreifendes Unterrichtsmaterial, Bastelanregungen und Videos f\u00fcr Lehrerinnen und Lehrer, Sch\u00fclerinnen und Sch\u00fcler, Eltern sowie Interessierte unter:<\/p>\n<ul>\n<li style=\"text-align: justify;\"><a href=\"https:\/\/link.mediaoutreach.meltwater.com\/ls\/click?upn=raPiNXvMy3MjoFP1FW56xUD19PkTD1x0Acddp1hG9Wufy2NyYGLa0IUn1gFdADWpGA1k_SSMg0emsvTJfFJStJrgX2j5vOkiqp9kuoaLcUAAM2p6KdUp6K2mmjJ5phIj03buKp9bk4gEg1nrE6PMHVOS-2BzDTyL4YKd38q3OBD-2FY-2Bp4fbXyifmivGtH7UIaWLdox6xWsHOYOuDh72ul5VdvQTK0SrQAN6DWLtgmOZQVejeskHZiYxE6xLN3sc4nU7RNMfQ31GvZMiVu5GgaaJ6tozVowUj-2BSej6Hsa8sYRQE-2FfDyYWyztwlM9amPCkXXNuY2QyltX3RJ1552IAUOfIipYDoBTWpwS06W2-2BceMy-2BrFXQGty0pspCd87tbJHjUbtrzJd4OLchuOn-2BWCbPGeueLjQxMTo-2BdbtdwfWsHfmtGAlKXgWmPu1kmr2B5uH3jhwCsAg\" target=\"_blank\" rel=\"noopener\">www.zaek-berlin.de\/tdz<\/a><\/li>\n<\/ul>\n<p style=\"text-align: justify;\"><strong>Hintergrund \u2013 Tag der Zahngesundheit<\/strong><br \/>\nSeit 1991 kl\u00e4rt der Tag der Zahngesundheit am 25. September die \u00d6ffentlichkeit mit bundesweiten Veranstaltungen \u00fcber Themen der Mundgesundheit auf und tr\u00e4gt dazu bei, Zahn-, Mund- und Kiefererkrankungen zu vermeiden. Pandemiebedingt musste leider der allj\u00e4hrliche gro\u00dfe Aktionstag der Z\u00c4K Berlin mit vielen Infost\u00e4nden und einer Kinder-Uni an der Charit\u00e9-Zahnklinik 2020, 2021 und 2022 ausfallen.<\/p>\n<p>Quelle: Zahn\u00e4rztekammer Berlin, <a href=\"https:\/\/www.zaek-berlin.de\/presse\/presseinformationen\/presseinformationen-detail\/article\/kreativ-wettbewerb-der-zahnaerztekammer-berlin-fuer-berliner-grundschulkinder.html\" target=\"_blank\" rel=\"noopener\">Pressemitteilung vom 22.09.2022<\/a><\/p>\n","protected":false},"excerpt":{"rendered":"<p>Zum \u201eTag der Zahngesundheit&#8220; am 25. September 2022 veranstalten die Zahn\u00e4rztekammer (Z\u00c4K) Berlin, die Landesarbeitsgemeinschaft Berlin zur Verh\u00fctung von Zahnerkrankungen e. V. (LAG Berlin) und die Mitteldeutsche Zahntechniker-Innung einen Kreativ-Wettbewerb [&#8230;]<\/p>\n","protected":false},"author":13,"featured_media":0,"comment_status":"open","ping_status":"closed","sticky":false,"template":"","format":"standard","meta":{"ngg_post_thumbnail":0,"iawp_total_views":1,"footnotes":""},"categories":[46],"tags":[],"class_list":["post-39953","post","type-post","status-publish","format-standard","hentry","category-zahnaerztekammer-berlin"],"_links":{"self":[{"href":"https:\/\/iuzb.de\/index.php?rest_route=\/wp\/v2\/posts\/39953","targetHints":{"allow":["GET"]}}],"collection":[{"href":"https:\/\/iuzb.de\/index.php?rest_route=\/wp\/v2\/posts"}],"about":[{"href":"https:\/\/iuzb.de\/index.php?rest_route=\/wp\/v2\/types\/post"}],"author":[{"embeddable":true,"href":"https:\/\/iuzb.de\/index.php?rest_route=\/wp\/v2\/users\/13"}],"replies":[{"embeddable":true,"href":"https:\/\/iuzb.de\/index.php?rest_route=%2Fwp%2Fv2%2Fcomments&post=39953"}],"version-history":[{"count":4,"href":"https:\/\/iuzb.de\/index.php?rest_route=\/wp\/v2\/posts\/39953\/revisions"}],"predecessor-version":[{"id":39957,"href":"https:\/\/iuzb.de\/index.php?rest_route=\/wp\/v2\/posts\/39953\/revisions\/39957"}],"wp:attachment":[{"href":"https:\/\/iuzb.de\/index.php?rest_route=%2Fwp%2Fv2%2Fmedia&parent=39953"}],"wp:term":[{"taxonomy":"category","embeddable":true,"href":"https:\/\/iuzb.de\/index.php?rest_route=%2Fwp%2Fv2%2Fcategories&post=39953"},{"taxonomy":"post_tag","embeddable":true,"href":"https:\/\/iuzb.de\/index.php?rest_route=%2Fwp%2Fv2%2Ftags&post=39953"}],"curies":[{"name":"wp","href":"https:\/\/api.w.org\/{rel}","templated":true}]}}