{"id":39837,"date":"2022-09-07T12:09:23","date_gmt":"2022-09-07T10:09:23","guid":{"rendered":"https:\/\/iuzb.de\/?p=39837"},"modified":"2022-09-16T19:43:02","modified_gmt":"2022-09-16T17:43:02","slug":"spenenbitte-zugunsten-des-haus-conradshoehe-einrichtung-der-kinder-jugend-und-behindertenhilfe-in-berlin-reinickendorf-konradshoehe","status":"publish","type":"post","link":"https:\/\/iuzb.de\/?p=39837","title":{"rendered":"Spendenbitte zugunsten des &#8222;Haus Conradsh\u00f6he &#8211; Einrichtung der Kinder-, Jugend- und Behindertenhilfe&#8220; in Berlin-Reinickendorf\/Konradsh\u00f6he"},"content":{"rendered":"<div style=\"width: 404px\" class=\"wp-caption alignright\"><a href=\"https:\/\/www.haus-conradshoehe.de\/spenden\/\"><img loading=\"lazy\" decoding=\"async\" class=\"\" src=\"https:\/\/www.haus-conradshoehe.de\/wp-content\/uploads\/2021\/08\/spenden.jpg\" width=\"394\" height=\"253\" \/><\/a><p class=\"wp-caption-text\"><a href=\"https:\/\/www.haus-conradshoehe.de\/spenden\/\" target=\"_blank\" rel=\"noopener\"><span style=\"font-size: 10pt;\">Spenden<\/span><\/a><\/p><\/div>\n<p>Lieber Herr Gneist,<\/p>\n<p style=\"text-align: justify;\">hier ein paar Gedanken zu unserem Haus.<\/p>\n<p style=\"text-align: justify;\">Unsere Kinder, Jugendlichen und Bewohner*innen, haben mit Beginn der Pandemie und dem Krieg in der Ukraine viel an Unterst\u00fctzung verloren.<\/p>\n<p style=\"text-align: justify;\">Die gro\u00dfe Unsicherheit von uns allen und die damit verbundene Sorge, wie alles weitergeht, betrifft jeden von uns.<\/p>\n<p style=\"text-align: justify;\">Dennoch sind unsere Sch\u00fctzlinge die bereits viel Leid erfahren mussten, auf unsere Hilfe angewiesen.<\/p>\n<p style=\"text-align: justify;\">Ferienfreizeiten, Ausfl\u00fcge, Spielger\u00e4te und vieles mehr k\u00f6nnen wir leider nur zu einem sehr geringen Teil mit den uns zu Verf\u00fcgung stehenden Mitteln finanzieren.<\/p>\n<p style=\"text-align: justify;\">Die Kinder und Jugendlichen die im Haus Conradsh\u00f6he leben, sind in der Regelzwischen einem halben Jahr und 18 Jahren alt. Je nach Bedarf werden sie in 13 unterschiedlichen familien\u00e4hnlichen Wohngruppen betreut.<\/p>\n<p style=\"text-align: justify;\"><strong>Haus Conradsh\u00f6he nimmt Kinder und Jugendliche auf, <\/strong><\/p>\n<ul style=\"text-align: justify;\">\n<li><strong>die meist aus stark belasteten famili\u00e4ren Verh\u00e4ltnissen \u00a0(Ablehnung,Misshandlungen,Missbrauch,Verwahrlosung,Suchtproblemen etc.) kommen<\/strong><\/li>\n<li><strong>die Psychosomatische Beschwerden zeigen, oder<\/strong><\/li>\n<li><strong>durch suizidale Gef\u00e4hrdung aufgefallen sind.<\/strong><\/li>\n<\/ul>\n<p style=\"text-align: justify;\">F\u00fcr uns ist es uns eine<strong> Herzensangelegenheit<\/strong> und wir w\u00fcrden uns \u00fcber Ihre Spende freuen, um den Kindern wieder und weiterhin ein wenig Normalit\u00e4t erm\u00f6glichen zu k\u00f6nnen.<\/p>\n<p style=\"padding-left: 40px;\">\u201eDer Menschheit W\u00fcrde ist<br \/>\nin eure Hand gegeben,<br \/>\nbewahret sie!<br \/>\nSie sinkt mit euch!<br \/>\nMit euch wird sie sich heben!\u201c<br \/>\nFriedrich von Schiller<\/p>\n<p>Mit herzlichen Gr\u00fc\u00dfen<\/p>\n<p>im Namen aller Kinder, Jugendlichen und Mitarbeitenden<\/p>\n<p>i.A. Simone Kielmann<br \/>\n<a href=\"https:\/\/www.haus-conradshoehe.de\" target=\"_blank\" rel=\"noopener\">https:\/\/www.haus-conradshoehe.de<\/a><\/p>\n<p>&nbsp;<\/p>\n<p><strong>Spendenkonto:<br \/>\n<\/strong><strong>Darlehnskasse M\u00fcnster<br \/>\n<\/strong><strong>IBAN DE21 4006 0265 0032 1816 00<br \/>\n<\/strong><strong>BIC GENODEM1DKM<\/strong><\/p>\n<p>&nbsp;<\/p>\n<p>__________________________________________<\/p>\n<p>Haus Conradsh\u00f6he gGmbH<br \/>\nEinrichtung der Kinder-, Jugend- und Behindertenhilfe<br \/>\nEichelh\u00e4herstra\u00dfe 19<br \/>\n13505 Berlin<\/p>\n","protected":false},"excerpt":{"rendered":"<p>Lieber Herr Gneist, hier ein paar Gedanken zu unserem Haus. Unsere Kinder, Jugendlichen und Bewohner*innen, haben mit Beginn der Pandemie und dem Krieg in der Ukraine viel an Unterst\u00fctzung verloren. [&#8230;]<\/p>\n","protected":false},"author":8,"featured_media":0,"comment_status":"open","ping_status":"closed","sticky":false,"template":"","format":"standard","meta":{"ngg_post_thumbnail":0,"iawp_total_views":4,"footnotes":""},"categories":[177],"tags":[],"class_list":["post-39837","post","type-post","status-publish","format-standard","hentry","category-berlin"],"_links":{"self":[{"href":"https:\/\/iuzb.de\/index.php?rest_route=\/wp\/v2\/posts\/39837","targetHints":{"allow":["GET"]}}],"collection":[{"href":"https:\/\/iuzb.de\/index.php?rest_route=\/wp\/v2\/posts"}],"about":[{"href":"https:\/\/iuzb.de\/index.php?rest_route=\/wp\/v2\/types\/post"}],"author":[{"embeddable":true,"href":"https:\/\/iuzb.de\/index.php?rest_route=\/wp\/v2\/users\/8"}],"replies":[{"embeddable":true,"href":"https:\/\/iuzb.de\/index.php?rest_route=%2Fwp%2Fv2%2Fcomments&post=39837"}],"version-history":[{"count":6,"href":"https:\/\/iuzb.de\/index.php?rest_route=\/wp\/v2\/posts\/39837\/revisions"}],"predecessor-version":[{"id":39843,"href":"https:\/\/iuzb.de\/index.php?rest_route=\/wp\/v2\/posts\/39837\/revisions\/39843"}],"wp:attachment":[{"href":"https:\/\/iuzb.de\/index.php?rest_route=%2Fwp%2Fv2%2Fmedia&parent=39837"}],"wp:term":[{"taxonomy":"category","embeddable":true,"href":"https:\/\/iuzb.de\/index.php?rest_route=%2Fwp%2Fv2%2Fcategories&post=39837"},{"taxonomy":"post_tag","embeddable":true,"href":"https:\/\/iuzb.de\/index.php?rest_route=%2Fwp%2Fv2%2Ftags&post=39837"}],"curies":[{"name":"wp","href":"https:\/\/api.w.org\/{rel}","templated":true}]}}