{"id":39787,"date":"2022-08-24T18:04:04","date_gmt":"2022-08-24T16:04:04","guid":{"rendered":"https:\/\/iuzb.de\/?p=39787"},"modified":"2022-09-13T16:57:34","modified_gmt":"2022-09-13T14:57:34","slug":"12-09-2022-einladung-vertretersammlung-der-kzv-berlin","status":"publish","type":"post","link":"https:\/\/iuzb.de\/?p=39787","title":{"rendered":"12.09.2022: Einladung Vertretersammlung der KZV Berlin"},"content":{"rendered":"<ul>\n<li>Montag, 12. September 2022<\/li>\n<li>19:00 Uhr<\/li>\n<li>KZV Berlin, <a href=\"https:\/\/www.google.com\/maps\/place\/Georg-Wilhelm-Stra%C3%9Fe+16,+10711+Berlin\/@52.4998197,13.2881118,17z\/data=!3m1!4b1!4m5!3m4!1s0x47a850c50d659dcd:0xd49ebdfe52729679!8m2!3d52.4998197!4d13.2903005\" target=\"_blank\" rel=\"noopener\">Georg-Wilhelm-Stra\u00dfe 16, 10711 Berlin<\/a><\/li>\n<\/ul>\n<p><a href=\"https:\/\/www.kzv-berlin.de\/kzv-berlin\/organe-und-struktur\/vertreterversammlung\/\" target=\"_blank\" rel=\"noopener\">Vertreterversammlung<\/a> &#8211; <a href=\"https:\/\/www.kzv-berlin.de\/fileadmin\/user_upload\/KZV_Berlin\/1_Vertreterversammlung\/Tagesordnung_2022_09_12.pdf\" target=\"_blank\" rel=\"noopener\">Tagesordnung:<\/a><\/p>\n<table style=\"border-collapse: collapse; width: 100%; height: 409px;\">\n<tbody>\n<tr style=\"height: 24px;\">\n<td style=\"width: 10%; text-align: left; vertical-align: top; height: 24px;\">1.<\/td>\n<td style=\"width: 90%; text-align: left; vertical-align: top; height: 24px;\">Begr\u00fc\u00dfung, Feststellung der Anwesenheit, Totenehrung<\/td>\n<\/tr>\n<tr style=\"height: 24px;\">\n<td style=\"width: 10%; text-align: left; vertical-align: top; height: 24px;\">2.<\/td>\n<td style=\"width: 90%; text-align: left; vertical-align: top; height: 24px;\">Protokoll der VV vom 25.04.2022<\/td>\n<\/tr>\n<tr style=\"height: 24px;\">\n<td style=\"width: 10%; text-align: left; vertical-align: top; height: 24px;\">3.<\/td>\n<td style=\"width: 90%; text-align: left; vertical-align: top; height: 24px;\">Bericht des Vorsitzenden der VV<\/td>\n<\/tr>\n<tr style=\"height: 24px;\">\n<td style=\"width: 10%; text-align: left; vertical-align: top; height: 24px;\">4.<\/td>\n<td style=\"width: 90%; text-align: left; vertical-align: top; height: 24px;\">Bericht(e) aus den Aussch\u00fcssen<\/td>\n<\/tr>\n<tr style=\"height: 24px;\">\n<td style=\"width: 10%; text-align: left; vertical-align: top; height: 24px;\">5.<\/td>\n<td style=\"width: 90%; text-align: left; vertical-align: top; height: 24px;\">Bericht des Vorstandes<\/td>\n<\/tr>\n<tr style=\"height: 24px;\">\n<td style=\"width: 10%; text-align: left; vertical-align: top; height: 24px;\">6.<\/td>\n<td style=\"width: 90%; text-align: left; vertical-align: top; height: 24px;\">Fragestunde<\/td>\n<\/tr>\n<tr style=\"height: 48px;\">\n<td style=\"width: 10%; text-align: left; vertical-align: top; height: 48px;\">7.<\/td>\n<td style=\"width: 90%; text-align: left; vertical-align: top; height: 48px;\"><span style=\"text-decoration: underline;\">Antr\u00e4ge<\/span><br \/>\nAntrag des Rechnungspr\u00fcfungsausschusses (Anlage 1)<\/td>\n<\/tr>\n<tr style=\"height: 24px;\">\n<td style=\"width: 10%; text-align: left; vertical-align: top; height: 24px;\">8.<\/td>\n<td style=\"width: 90%; text-align: left; vertical-align: top; height: 24px;\">Nachwahl im Hauptausschuss (Anlage 2)<\/td>\n<\/tr>\n<tr style=\"height: 97px;\">\n<td style=\"width: 10%; text-align: left; vertical-align: top; height: 97px;\">9.<\/td>\n<td style=\"width: 90%; text-align: left; vertical-align: top; height: 97px;\">Satzungs\u00e4nderungen der KZV Berlin<br \/>\na. Satzung (Anlage 3)<br \/>\nb. Wahlordnung (Anlage 4)<br \/>\nc. Disziplinarordnung (Anlage 5)<\/td>\n<\/tr>\n<tr style=\"height: 24px;\">\n<td style=\"width: 10%; text-align: left; vertical-align: top; height: 24px;\">10.<\/td>\n<td style=\"width: 90%; text-align: left; vertical-align: top; height: 24px;\">Vorstellung des Berichts gem\u00e4\u00df \u00a7 81 a SGB V der Stelle zur Bek\u00e4mpfung von Fehlverhalten im Gesundheitswesen der Jahre 2020 und 2021 (Anlagen 6 &#8211; 7)<\/td>\n<\/tr>\n<tr style=\"height: 24px;\">\n<td style=\"width: 10%; text-align: left; vertical-align: top; height: 24px;\">11.<\/td>\n<td style=\"width: 90%; text-align: left; vertical-align: top; height: 24px;\">Jahresabschluss f\u00fcr das Rechnungsjahr 2021 Bilanz sowie (Anlagen 8 &#8211; 14)<br \/>\nErtrags- und Aufwandsrechnung der KZV Berlin<br \/>\n&#8211; Bericht des Vorstandes<br \/>\n&#8211; Bericht des RPA (Anlage 15)<br \/>\n&#8211; Stellungnahme des Vorstandes (Anlage 16)<\/td>\n<\/tr>\n<tr style=\"height: 24px;\">\n<td style=\"width: 10%; text-align: left; vertical-align: top; height: 24px;\">12.<\/td>\n<td style=\"width: 90%; text-align: left; vertical-align: top; height: 24px;\">Nachwahl PAR-Gutachter (-&gt; Anlage wird nachgereicht!)<\/td>\n<\/tr>\n<tr style=\"height: 24px;\">\n<td style=\"width: 10%; text-align: left; vertical-align: top; height: 24px;\">13.<\/td>\n<td style=\"width: 90%; text-align: left; vertical-align: top; height: 24px;\">Verschiedenes<\/td>\n<\/tr>\n<\/tbody>\n<\/table>\n","protected":false},"excerpt":{"rendered":"<p>Montag, 12. September 2022 19:00 Uhr KZV Berlin, Georg-Wilhelm-Stra\u00dfe 16, 10711 Berlin Vertreterversammlung &#8211; Tagesordnung: 1. Begr\u00fc\u00dfung, Feststellung der Anwesenheit, Totenehrung 2. Protokoll der VV vom 25.04.2022 3. Bericht des [&#8230;]<\/p>\n","protected":false},"author":13,"featured_media":33267,"comment_status":"open","ping_status":"closed","sticky":false,"template":"","format":"standard","meta":{"ngg_post_thumbnail":0,"iawp_total_views":6,"footnotes":""},"categories":[45,97],"tags":[],"class_list":["post-39787","post","type-post","status-publish","format-standard","has-post-thumbnail","hentry","category-kzv-berlin","category-vertreterversammlung-kzv-berlin"],"_links":{"self":[{"href":"https:\/\/iuzb.de\/index.php?rest_route=\/wp\/v2\/posts\/39787","targetHints":{"allow":["GET"]}}],"collection":[{"href":"https:\/\/iuzb.de\/index.php?rest_route=\/wp\/v2\/posts"}],"about":[{"href":"https:\/\/iuzb.de\/index.php?rest_route=\/wp\/v2\/types\/post"}],"author":[{"embeddable":true,"href":"https:\/\/iuzb.de\/index.php?rest_route=\/wp\/v2\/users\/13"}],"replies":[{"embeddable":true,"href":"https:\/\/iuzb.de\/index.php?rest_route=%2Fwp%2Fv2%2Fcomments&post=39787"}],"version-history":[{"count":12,"href":"https:\/\/iuzb.de\/index.php?rest_route=\/wp\/v2\/posts\/39787\/revisions"}],"predecessor-version":[{"id":39801,"href":"https:\/\/iuzb.de\/index.php?rest_route=\/wp\/v2\/posts\/39787\/revisions\/39801"}],"wp:featuredmedia":[{"embeddable":true,"href":"https:\/\/iuzb.de\/index.php?rest_route=\/wp\/v2\/media\/33267"}],"wp:attachment":[{"href":"https:\/\/iuzb.de\/index.php?rest_route=%2Fwp%2Fv2%2Fmedia&parent=39787"}],"wp:term":[{"taxonomy":"category","embeddable":true,"href":"https:\/\/iuzb.de\/index.php?rest_route=%2Fwp%2Fv2%2Fcategories&post=39787"},{"taxonomy":"post_tag","embeddable":true,"href":"https:\/\/iuzb.de\/index.php?rest_route=%2Fwp%2Fv2%2Ftags&post=39787"}],"curies":[{"name":"wp","href":"https:\/\/api.w.org\/{rel}","templated":true}]}}