{"id":39539,"date":"2022-08-01T13:03:24","date_gmt":"2022-08-01T11:03:24","guid":{"rendered":"https:\/\/iuzb.de\/?p=39539"},"modified":"2022-08-01T13:10:59","modified_gmt":"2022-08-01T11:10:59","slug":"vmf-zfa-ausbildung-mit-update-bei-digitalisierung-medizinprodukten-und-kommunikation","status":"publish","type":"post","link":"https:\/\/iuzb.de\/?p=39539","title":{"rendered":"VmF: ZFA-Ausbildung mit Update bei Digitalisierung, Medizinprodukten und Kommunikation"},"content":{"rendered":"<p style=\"text-align: justify;\"><strong>Neue AO f\u00fcr Zahnmedizinische Fachangestellte tritt heute in Kraft<\/strong><\/p>\n<p style=\"text-align: justify;\">Dass die Anspr\u00fcche an ihren Beruf hoch sind, erfahren die mehr als 200.000 Zahnmedizinischen Fachangestellten (ZFA) jeden Tag: Gegen\u00fcber Patientinnen und Patienten m\u00fcssen sie verst\u00e4ndnisvoll und einf\u00fchlsam sein. Qualit\u00e4ts- und Hygienemanagement verlangen sorgf\u00e4ltiges und verantwortungsvolles Arbeiten. Terminplanung und Behandlungsassistenz erfordern komplexes (zahn)medizinisches Fachwissen und vorausschauendes Denken. F\u00fcr Dokumentation und Abrechnung sind zudem verwaltungstechnische Kenntnisse unbedingt notwendig.<\/p>\n<p style=\"text-align: justify;\">Diese Anforderungen lernen ZFA in ihrer dreij\u00e4hrigen dualen Ausbildung zu meistern. Aber nur durch regelm\u00e4\u00dfiges Fort- und Weiterbilden ist es ihnen m\u00f6glich, mit dem rasanten Fortschritt in Zahnmedizin, Wissenschaft und Technik, aber auch mit gesellschaftlich und demografisch bedingten Ver\u00e4nderungen mitzuhalten.<\/p>\n<p style=\"text-align: justify;\">Um mit dieser Entwicklung mitzugehen, war nach mehr als 20 Jahren eine Modernisierung der Ausbildungsordnung (AO) notwendig. Diese Novellierung ist seit heute offiziell in Kraft.<\/p>\n<p style=\"text-align: justify;\">\u201eIch freue mich, die neue AO in die Praxis umzusetzen\u201c, sagt Sylvia Gabel, Referatsleiterin ZFA im Verband medizinischer Fachberufe e.V. und Sachverst\u00e4ndige im Neuordnungsver-fahren. \u201eAlle Beteiligten haben in den vergangenen beiden Jahren sehr viel Arbeit hineingesteckt, um das Update f\u00fcr die Praxis zu gestalten. \u00dcberholtes wurde ausgemistet, daf\u00fcr viele andere Schwerpunkte vertieft.\u201c<\/p>\n<p style=\"text-align: justify;\">So sind erstmals Digitalisierung und Nachhaltigkeit eigene Berufsbildpositionen. Intensiver sollen die Betreuung der Patientinnen und Patienten, aber auch Kommunikation und Kooperation vermittelt werden. ZFA m\u00fcssen auf die Erwartungen und W\u00fcnsche der Patientinnen und Patienten eingehen und soziale, psychische und somatische Kontextfaktoren beachten. Diese Kompetenzen sind besonders wichtig beim Umgang mit Menschen mit Behinderung, besonderen Unterst\u00fctzungsbedarfen, bei Kindern, Risiko- und \u00e4ngstlichen Patienten. Dabei geht sowohl um situations- und adressatengerechtes Kommunizieren als auch um die Ber\u00fccksichtigung soziokultureller Unterschiede.<\/p>\n<p style=\"text-align: justify;\">Aufgewertet wurde zudem das Aufbereiten von Medizinprodukten, das jetzt in einer eigenst\u00e4ndigen Berufsbildposition detailliert geregelt ist. Weitere Modernisierungen betreffen die bildgebenden Verfahren unter Beachtung von Strahlenschutzma\u00dfnahmen.<\/p>\n<p style=\"text-align: justify;\">Neu und ganz entscheidend f\u00fcr die Ausbildungspraxis ist die gestreckte Abschlusspr\u00fcfung (GAP), so Sylvia Gabel: \u201eDie bisherige Zwischenpr\u00fcfung entf\u00e4llt. Daf\u00fcr gibt es den ersten Teil der GAP im vierten Ausbildungshalbjahr, der mit 35 Prozent in die Gesamtabschlussnote einflie\u00dft. Das hei\u00dft, die betreffenden Lerninhalte m\u00fcssen bis zu diesem Zeitpunkt vermittelt worden sein.\u201c<\/p>\n<p style=\"text-align: justify;\">Das setze alle Beteiligte schon etwas unter Druck, bemerkt Sylvia Gabel: \u201eAber es f\u00fchrt hoffentlich auch dazu, dass die Ausbildung strukturierter durchgef\u00fchrt wird.\u201c Sie w\u00fcnscht sich gleichzeitig, dass Berufsbild und Ausbildung mit den aktualisierten Inhalten auch attraktiver werden. \u201eWir m\u00fcssen neue Gedanken umsetzen und d\u00fcrfen den Spa\u00df an der Ausbildung nicht vergessen.\u201c Gute Unterst\u00fctzung und Hilfestellung gibt ihrer Ansicht nach die Umsetzungshilfe, die vom Bundesinstitut f\u00fcr Berufsbildung (BIBB) herausgegeben wurde.<\/p>\n<p style=\"text-align: justify;\">Ende 2020 wurden in Deutschlands Zahnarztpraxen mehr als 31.000 junge Menschen zur bzw. zum Zahnmedizinischen Fachangestellten ausgebildet. Damit geh\u00f6rt dieser Beruf zu den zehn am h\u00e4ufigsten gew\u00e4hlten dualen Ausbildungsberufen. Dennoch ist der Fachkr\u00e4ftemangel \u00fcberall sp\u00fcrbar. Seit 2019 z\u00e4hlt der Beruf offiziell zu den Engpassberufen.<\/p>\n<p>Quelle: Verband medezinicher Fachberufe e.V., <a href=\"https:\/\/www.vmf-online.de\/verband\/presse-news\/2022-08-01-ao-zfa\" target=\"_blank\" rel=\"noopener\">Pressemitteilung vom 01.08.2022<\/a><\/p>\n","protected":false},"excerpt":{"rendered":"<p>Neue AO f\u00fcr Zahnmedizinische Fachangestellte tritt heute in Kraft Dass die Anspr\u00fcche an ihren Beruf hoch sind, erfahren die mehr als 200.000 Zahnmedizinischen Fachangestellten (ZFA) jeden Tag: Gegen\u00fcber Patientinnen und [&#8230;]<\/p>\n","protected":false},"author":13,"featured_media":0,"comment_status":"open","ping_status":"closed","sticky":false,"template":"","format":"standard","meta":{"ngg_post_thumbnail":0,"iawp_total_views":0,"footnotes":""},"categories":[268,107],"tags":[],"class_list":["post-39539","post","type-post","status-publish","format-standard","hentry","category-vmf","category-zfa"],"_links":{"self":[{"href":"https:\/\/iuzb.de\/index.php?rest_route=\/wp\/v2\/posts\/39539","targetHints":{"allow":["GET"]}}],"collection":[{"href":"https:\/\/iuzb.de\/index.php?rest_route=\/wp\/v2\/posts"}],"about":[{"href":"https:\/\/iuzb.de\/index.php?rest_route=\/wp\/v2\/types\/post"}],"author":[{"embeddable":true,"href":"https:\/\/iuzb.de\/index.php?rest_route=\/wp\/v2\/users\/13"}],"replies":[{"embeddable":true,"href":"https:\/\/iuzb.de\/index.php?rest_route=%2Fwp%2Fv2%2Fcomments&post=39539"}],"version-history":[{"count":10,"href":"https:\/\/iuzb.de\/index.php?rest_route=\/wp\/v2\/posts\/39539\/revisions"}],"predecessor-version":[{"id":39549,"href":"https:\/\/iuzb.de\/index.php?rest_route=\/wp\/v2\/posts\/39539\/revisions\/39549"}],"wp:attachment":[{"href":"https:\/\/iuzb.de\/index.php?rest_route=%2Fwp%2Fv2%2Fmedia&parent=39539"}],"wp:term":[{"taxonomy":"category","embeddable":true,"href":"https:\/\/iuzb.de\/index.php?rest_route=%2Fwp%2Fv2%2Fcategories&post=39539"},{"taxonomy":"post_tag","embeddable":true,"href":"https:\/\/iuzb.de\/index.php?rest_route=%2Fwp%2Fv2%2Ftags&post=39539"}],"curies":[{"name":"wp","href":"https:\/\/api.w.org\/{rel}","templated":true}]}}