{"id":39450,"date":"2022-07-26T12:07:17","date_gmt":"2022-07-26T10:07:17","guid":{"rendered":"https:\/\/iuzb.de\/?p=39450"},"modified":"2022-07-26T15:28:26","modified_gmt":"2022-07-26T13:28:26","slug":"berechnung-kfo-leistungen","status":"publish","type":"post","link":"https:\/\/iuzb.de\/?p=39450","title":{"rendered":"Berechnung KFO-Leistungen"},"content":{"rendered":"<p><a href=\"https:\/\/tbe13dabe.emailsys1a.net\/mailing\/21\/5567787\/8332005\/3189\/1d4a5ed359\/index.html\" target=\"_blank\" rel=\"noopener\">Z\u00c4K Nordrhein, Kammer Kompakt<\/a>, 26.07.2022:<\/p>\n<p>Das Bundesverwaltungsgericht hat mit drei umstrittenen Urteilen die Berechnung von KFO-Leistungen eingeschr\u00e4nkt. Wie diese Leistungen trotzdem berechnet werden k\u00f6nnen, erkl\u00e4rt meine <a href=\"https:\/\/www.zahnaerztekammernordrhein.de\/ueber-die-zahnaerztekammer-nordrhein\/\" target=\"_blank\" rel=\"noopener\">Vorstandskollegin Dr. Ursula Stegemann<\/a>.<\/p>\n<ul>\n<li><a href=\"https:\/\/tbe13dabe.emailsys1a.net\/c\/21\/5567787\/3969\/0\/8332005\/3189\/403057\/e6968411d3.html\" target=\"_blank\" rel=\"noopener\">Mehr erfahren<\/a><br \/>\nUnter dem Punkt (dort bitte aufklappen!):<br \/>\n<strong>Berechnung festsitzender Retainer und der adh\u00e4siven Befestigung von Brackets<\/strong><\/li>\n<\/ul>\n<p>&nbsp;<\/p>\n<p><strong>Bundesverwaltungsgericht:<\/strong><\/p>\n<ul>\n<li>BVerwG Az.: 5 C 7.19 vom 26.02.2021 &#8211; <a href=\"https:\/\/www.bverwg.de\/de\/260221U5C7.19.0\" target=\"_blank\" rel=\"noopener\">Urteil<\/a> &#8211; <a href=\"https:\/\/www.bverwg.de\/de\/pm\/2021\/15\" target=\"_blank\" rel=\"noopener\">Pressemitteilung<\/a><\/li>\n<li>BVerwG Az.: 5 C 8.19 vom 05.03.2021 &#8211; <a href=\"https:\/\/www.bverwg.de\/de\/050321U5C8.19.0\" target=\"_blank\" rel=\"noopener\">Urteil<\/a><\/li>\n<li>BVerwG Az.: 5 C 11.19 vom 05.03.2021 &#8211; <a href=\"https:\/\/www.bverwg.de\/de\/050321U5C11.19.0\" target=\"_blank\" rel=\"noopener\">Urteil<\/a><\/li>\n<\/ul>\n","protected":false},"excerpt":{"rendered":"<p>Z\u00c4K Nordrhein, Kammer Kompakt, 26.07.2022: Das Bundesverwaltungsgericht hat mit drei umstrittenen Urteilen die Berechnung von KFO-Leistungen eingeschr\u00e4nkt. Wie diese Leistungen trotzdem berechnet werden k\u00f6nnen, erkl\u00e4rt meine Vorstandskollegin Dr. Ursula Stegemann. [&#8230;]<\/p>\n","protected":false},"author":13,"featured_media":0,"comment_status":"open","ping_status":"closed","sticky":false,"template":"","format":"standard","meta":{"ngg_post_thumbnail":0,"iawp_total_views":3,"footnotes":""},"categories":[188],"tags":[],"class_list":["post-39450","post","type-post","status-publish","format-standard","hentry","category-medizin"],"_links":{"self":[{"href":"https:\/\/iuzb.de\/index.php?rest_route=\/wp\/v2\/posts\/39450","targetHints":{"allow":["GET"]}}],"collection":[{"href":"https:\/\/iuzb.de\/index.php?rest_route=\/wp\/v2\/posts"}],"about":[{"href":"https:\/\/iuzb.de\/index.php?rest_route=\/wp\/v2\/types\/post"}],"author":[{"embeddable":true,"href":"https:\/\/iuzb.de\/index.php?rest_route=\/wp\/v2\/users\/13"}],"replies":[{"embeddable":true,"href":"https:\/\/iuzb.de\/index.php?rest_route=%2Fwp%2Fv2%2Fcomments&post=39450"}],"version-history":[{"count":10,"href":"https:\/\/iuzb.de\/index.php?rest_route=\/wp\/v2\/posts\/39450\/revisions"}],"predecessor-version":[{"id":39465,"href":"https:\/\/iuzb.de\/index.php?rest_route=\/wp\/v2\/posts\/39450\/revisions\/39465"}],"wp:attachment":[{"href":"https:\/\/iuzb.de\/index.php?rest_route=%2Fwp%2Fv2%2Fmedia&parent=39450"}],"wp:term":[{"taxonomy":"category","embeddable":true,"href":"https:\/\/iuzb.de\/index.php?rest_route=%2Fwp%2Fv2%2Fcategories&post=39450"},{"taxonomy":"post_tag","embeddable":true,"href":"https:\/\/iuzb.de\/index.php?rest_route=%2Fwp%2Fv2%2Ftags&post=39450"}],"curies":[{"name":"wp","href":"https:\/\/api.w.org\/{rel}","templated":true}]}}