{"id":39444,"date":"2022-07-25T21:14:55","date_gmt":"2022-07-25T19:14:55","guid":{"rendered":"https:\/\/iuzb.de\/?p=39444"},"modified":"2022-07-25T21:18:56","modified_gmt":"2022-07-25T19:18:56","slug":"wenn-cannabis-gefaehrliche-psychosen-ausloest","status":"publish","type":"post","link":"https:\/\/iuzb.de\/?p=39444","title":{"rendered":"Wenn Cannabis gef\u00e4hrliche Psychosen ausl\u00f6st"},"content":{"rendered":"<p>Spiegel-TV, 25.07.2022:<\/p>\n<ul>\n<li><a href=\"https:\/\/www.spiegel.de\/panorama\/gesellschaft\/drogenkonsum-mit-fatalen-folgen-wenn-cannabis-gefaehrliche-psychosen-ausloest-spiegel-tv-a-9311e953-ff67-4ca7-a830-e2ef2bbff0c4\" target=\"_blank\" rel=\"noopener\">Wenn Cannabis gef\u00e4hrliche Psychosen ausl\u00f6st<\/a><\/li>\n<\/ul>\n<p><iframe loading=\"lazy\" title=\"Drogenkonsum mit fatalen Folgen: Wenn Cannabis gef\u00e4hrliche Psychosen ausl\u00f6st REUPLOAD | SPIEGEL TV\" width=\"860\" height=\"484\" src=\"https:\/\/www.youtube.com\/embed\/uqJtEbETmjw?feature=oembed\" frameborder=\"0\" allow=\"accelerometer; autoplay; clipboard-write; encrypted-media; gyroscope; picture-in-picture\" allowfullscreen><\/iframe><\/p>\n<p>&nbsp;<\/p>\n<p><span style=\"text-decoration: underline;\">Weiterf\u00fchrend:<\/span><\/p>\n<ul>\n<li>Universit\u00e4t Ulm, 18.11.2020:<br \/>\n<a href=\"https:\/\/idw-online.de\/de\/news758151\" target=\"_blank\" rel=\"noopener\">Drogen-Trip ins Krankenhaus &#8211; Ulmer Studie zeigt starke Zunahme von Cannabis-Psychosen<\/a><\/li>\n<li>Universit\u00e4t Ulm<br \/>\n<a href=\"https:\/\/www.uniklinik-ulm.de\/psychiatrie-und-psychotherapie-iii\/team\/prof-dr-med-maximilian-gahr.html\" target=\"_blank\" rel=\"noopener\">Prof. Dr. med. Maximilian Gahr<\/a>, M.A., Oberarzt, Leitung der Hochschulambulanz und der Psychiatrischen Institutsambulanz<\/li>\n<\/ul>\n","protected":false},"excerpt":{"rendered":"<p>Spiegel-TV, 25.07.2022: Wenn Cannabis gef\u00e4hrliche Psychosen ausl\u00f6st &nbsp; Weiterf\u00fchrend: Universit\u00e4t Ulm, 18.11.2020: Drogen-Trip ins Krankenhaus &#8211; Ulmer Studie zeigt starke Zunahme von Cannabis-Psychosen Universit\u00e4t Ulm Prof. Dr. med. Maximilian Gahr, [&#8230;]<\/p>\n","protected":false},"author":13,"featured_media":0,"comment_status":"open","ping_status":"closed","sticky":false,"template":"","format":"standard","meta":{"ngg_post_thumbnail":0,"iawp_total_views":0,"footnotes":""},"categories":[1],"tags":[],"class_list":["post-39444","post","type-post","status-publish","format-standard","hentry","category-allgemein"],"_links":{"self":[{"href":"https:\/\/iuzb.de\/index.php?rest_route=\/wp\/v2\/posts\/39444","targetHints":{"allow":["GET"]}}],"collection":[{"href":"https:\/\/iuzb.de\/index.php?rest_route=\/wp\/v2\/posts"}],"about":[{"href":"https:\/\/iuzb.de\/index.php?rest_route=\/wp\/v2\/types\/post"}],"author":[{"embeddable":true,"href":"https:\/\/iuzb.de\/index.php?rest_route=\/wp\/v2\/users\/13"}],"replies":[{"embeddable":true,"href":"https:\/\/iuzb.de\/index.php?rest_route=%2Fwp%2Fv2%2Fcomments&post=39444"}],"version-history":[{"count":5,"href":"https:\/\/iuzb.de\/index.php?rest_route=\/wp\/v2\/posts\/39444\/revisions"}],"predecessor-version":[{"id":39449,"href":"https:\/\/iuzb.de\/index.php?rest_route=\/wp\/v2\/posts\/39444\/revisions\/39449"}],"wp:attachment":[{"href":"https:\/\/iuzb.de\/index.php?rest_route=%2Fwp%2Fv2%2Fmedia&parent=39444"}],"wp:term":[{"taxonomy":"category","embeddable":true,"href":"https:\/\/iuzb.de\/index.php?rest_route=%2Fwp%2Fv2%2Fcategories&post=39444"},{"taxonomy":"post_tag","embeddable":true,"href":"https:\/\/iuzb.de\/index.php?rest_route=%2Fwp%2Fv2%2Ftags&post=39444"}],"curies":[{"name":"wp","href":"https:\/\/api.w.org\/{rel}","templated":true}]}}