{"id":39332,"date":"2022-07-18T12:00:58","date_gmt":"2022-07-18T10:00:58","guid":{"rendered":"https:\/\/iuzb.de\/?p=39332"},"modified":"2022-07-25T13:06:45","modified_gmt":"2022-07-25T11:06:45","slug":"in-den-krankenhaeusern-werden-medizinprodukte-knapp","status":"publish","type":"post","link":"https:\/\/iuzb.de\/?p=39332","title":{"rendered":"In den Krankenh\u00e4usern werden Medizinprodukte knapp"},"content":{"rendered":"<p>Tagesspiegel, 18.07.2022:<\/p>\n<ul>\n<li><a href=\"https:\/\/www.tagesspiegel.de\/politik\/trotz-der-erfahrungen-in-der-corona-krise-in-den-krankenhaeusern-werden-medizinprodukte-knapp\/28513986.html\" target=\"_blank\" rel=\"noopener\">In den Krankenh\u00e4usern werden Medizinprodukte knapp<\/a><\/li>\n<\/ul>\n<blockquote><p>Das erfuhr der Tagesspiegel von \u00c4rzten zweier Gro\u00dfkliniken in Berlin.<\/p><\/blockquote>\n<p>&nbsp;<\/p>\n<blockquote><p>\u201eAuch gro\u00dfe, renommierte Krankenh\u00e4user melden, dass Material knapp wird\u201c, sagte der Vorsitzende des Gesundheitsausschusses im Berliner Abgeordnetenhaus, Christian Gr\u00e4ff.<\/p><\/blockquote>\n","protected":false},"excerpt":{"rendered":"<p>Tagesspiegel, 18.07.2022: In den Krankenh\u00e4usern werden Medizinprodukte knapp Das erfuhr der Tagesspiegel von \u00c4rzten zweier Gro\u00dfkliniken in Berlin. &nbsp; \u201eAuch gro\u00dfe, renommierte Krankenh\u00e4user melden, dass Material knapp wird\u201c, sagte der [&#8230;]<\/p>\n","protected":false},"author":13,"featured_media":0,"comment_status":"open","ping_status":"closed","sticky":false,"template":"","format":"standard","meta":{"ngg_post_thumbnail":0,"iawp_total_views":0,"footnotes":""},"categories":[326],"tags":[],"class_list":["post-39332","post","type-post","status-publish","format-standard","hentry","category-produktverfuegbarkeit"],"_links":{"self":[{"href":"https:\/\/iuzb.de\/index.php?rest_route=\/wp\/v2\/posts\/39332","targetHints":{"allow":["GET"]}}],"collection":[{"href":"https:\/\/iuzb.de\/index.php?rest_route=\/wp\/v2\/posts"}],"about":[{"href":"https:\/\/iuzb.de\/index.php?rest_route=\/wp\/v2\/types\/post"}],"author":[{"embeddable":true,"href":"https:\/\/iuzb.de\/index.php?rest_route=\/wp\/v2\/users\/13"}],"replies":[{"embeddable":true,"href":"https:\/\/iuzb.de\/index.php?rest_route=%2Fwp%2Fv2%2Fcomments&post=39332"}],"version-history":[{"count":3,"href":"https:\/\/iuzb.de\/index.php?rest_route=\/wp\/v2\/posts\/39332\/revisions"}],"predecessor-version":[{"id":39335,"href":"https:\/\/iuzb.de\/index.php?rest_route=\/wp\/v2\/posts\/39332\/revisions\/39335"}],"wp:attachment":[{"href":"https:\/\/iuzb.de\/index.php?rest_route=%2Fwp%2Fv2%2Fmedia&parent=39332"}],"wp:term":[{"taxonomy":"category","embeddable":true,"href":"https:\/\/iuzb.de\/index.php?rest_route=%2Fwp%2Fv2%2Fcategories&post=39332"},{"taxonomy":"post_tag","embeddable":true,"href":"https:\/\/iuzb.de\/index.php?rest_route=%2Fwp%2Fv2%2Ftags&post=39332"}],"curies":[{"name":"wp","href":"https:\/\/api.w.org\/{rel}","templated":true}]}}