{"id":39321,"date":"2022-07-17T22:14:41","date_gmt":"2022-07-17T20:14:41","guid":{"rendered":"https:\/\/iuzb.de\/?p=39321"},"modified":"2022-07-17T22:31:48","modified_gmt":"2022-07-17T20:31:48","slug":"13-euro-stundenlohn-ab-17-juli-2022-gilt-der-neue-berliner-landesmindestlohn","status":"publish","type":"post","link":"https:\/\/iuzb.de\/?p=39321","title":{"rendered":"13 Euro Stundenlohn: Ab 17. Juli 2022 gilt der neue Berliner Landesmindestlohn"},"content":{"rendered":"<p>Hinweis: Gilt auch f\u00fcr KZV Berlin, Zahn\u00e4rztekammer Berlin und VZB, da es sich allesamt um\u00a0 landesunmittelbare \u00f6ffentlich rechtliche K\u00f6rperschaften handelt.<\/p>\n<p>_____________________________________________________<\/p>\n<blockquote>\n<p style=\"text-align: justify;\">Die Senatsverwaltung f\u00fcr Integration, Arbeit und Soziales teilt mit:<\/p>\n<p style=\"text-align: justify;\">Mit der Ver\u00f6ffentlichung im <a href=\"https:\/\/www.berlin.de\/sen\/justiz\/service\/gesetze-und-verordnungen\/2022\/\" target=\"_blank\" rel=\"noopener\">Gesetzes- und Verordnungsblatt<\/a> [<a href=\"https:\/\/www.berlin.de\/sen\/justiz\/service\/gesetze-und-verordnungen\/2022\/ausgabe-nr-37-vom-16-7-2022-s-449-484.pdf\" target=\"_blank\" rel=\"noopener\">Nr. 37 vom 16.07.2022<\/a>] tritt zum 17. Juli 2022 die Erh\u00f6hung des Landesmindestlohns auf 13 Euro in Kraft.<\/p>\n<p style=\"text-align: justify;\">Das Abgeordnetenhaus von Berlin hatte am 23. Juni 2022 die Erh\u00f6hung des Landesmindestlohns auf 13 Euro abschlie\u00dfend beraten und den Gesetzesentwurf der Senatorin f\u00fcr Integration, Arbeit und Soziales, Katja Kipping, verabschiedet. Damit hat der Senat sein selbst gestelltes Ziel der Erh\u00f6hung des Landesmindestlohns erreicht. K\u00fcnftig gilt in den vom Landesmindestlohngesetz erfassten Einflussbereichen des Landes Berlin \u2013 der Landesverwaltung, den Beteiligungsunternehmen, im Zuwendungsbereich sowie bei Entgeltvereinbarungen im Sozialrecht \u2013 ein Stundenlohn von mindestens 13 Euro brutto. Bisher lag der Stundenlohn bei 12,50 Euro brutto.<\/p>\n<p style=\"text-align: justify;\">Arbeitssenatorin Katja Kipping: \u201eWir m\u00fcssen weiterhin daf\u00fcr sorgen, dass sich das Einkommen all jener Menschen verbessert, die im Einflussbereich des Landes Berlin arbeiten, die aber nur ein geringes Einkommen beziehen. Dort, wo Geld vom Land Berlin drinsteckt, muss k\u00fcnftig niemand mehr unter 13 Euro Stundenlohn arbeiten. Und \u00fcberall dort, wo das Land Berlin Einfluss hat, sollen einheitliche Mindestlohnstandards gelten \u2013 und zwar bessere als bundesweit \u00fcblich.\u201c<\/p>\n<p>Quelle: Senatsverwaltung f\u00fcr Integration, Arbeit und Soziales, <a href=\"https:\/\/www.berlin.de\/sen\/ias\/presse\/pressemitteilungen\/2022\/pressemitteilung.1226579.php\" target=\"_blank\" rel=\"noopener\">Pressemitteilung vom 14.07.2022<\/a><\/p><\/blockquote>\n<p>&nbsp;<\/p>\n<ul>\n<li>Senats\u00adverwaltung Abteilung Arbeit Besch\u00e4ftigung:<br \/>\n<a href=\"https:\/\/www.berlin.de\/sen\/arbeit\/beschaeftigung\/mindestlohngesetze\/\" target=\"_blank\" rel=\"noopener\">&#8211; Mindestlohn\u00adgesetze<\/a><br \/>\n&#8211; <a href=\"https:\/\/gesetze.berlin.de\/bsbe\/document\/jlr-MindLohnGBEpELS\" target=\"_blank\" rel=\"noopener\">Mindestlohngesetz f\u00fcr das Land Berlin (Landesmindestlohngesetz &#8211; LMiLoG Bln)<\/a><br \/>\n<span style=\"text-decoration: underline;\"><strong>\u00a7 2 Geltungsbereich<\/strong><\/span><br \/>\n<strong>Dieses Gesetz gilt f\u00fcr die Arbeitnehmerinnen und Arbeitnehmer<\/strong> der Berliner Verwaltung (<a href=\"https:\/\/gesetze.berlin.de\/bsbe\/document\/jlr-VwZustGBEV4P2\" target=\"_blank\" rel=\"noopener\">\u00a7 2 des Allgemeinen Zust\u00e4ndigkeitsgesetzes)<\/a>, <strong>der landesunmittelbaren \u00f6ffentlich rechtlichen K\u00f6rperschaften<\/strong>, Anstalten und Stiftungen (<a href=\"https:\/\/gesetze.berlin.de\/bsbe\/document\/jlr-VwZustGBEV83P28\" target=\"_blank\" rel=\"noopener\">\u00a7 28 des Allgemeinen Zust\u00e4ndigkeitsgesetzes<\/a>), der Hochschulen, der Gerichte des Landes Berlin, des Abgeordnetenhauses von Berlin, des Rechnungshofs von Berlin und des Berliner Beauftragten f\u00fcr Datenschutz und Informationsfreiheit.<\/li>\n<\/ul>\n","protected":false},"excerpt":{"rendered":"<p>Hinweis: Gilt auch f\u00fcr KZV Berlin, Zahn\u00e4rztekammer Berlin und VZB, da es sich allesamt um\u00a0 landesunmittelbare \u00f6ffentlich rechtliche K\u00f6rperschaften handelt. _____________________________________________________ Die Senatsverwaltung f\u00fcr Integration, Arbeit und Soziales teilt mit: [&#8230;]<\/p>\n","protected":false},"author":13,"featured_media":0,"comment_status":"open","ping_status":"closed","sticky":false,"template":"","format":"standard","meta":{"ngg_post_thumbnail":0,"iawp_total_views":2,"footnotes":""},"categories":[1,177,45,47,46],"tags":[],"class_list":["post-39321","post","type-post","status-publish","format-standard","hentry","category-allgemein","category-berlin","category-kzv-berlin","category-versorgungswerk-vzb","category-zahnaerztekammer-berlin"],"_links":{"self":[{"href":"https:\/\/iuzb.de\/index.php?rest_route=\/wp\/v2\/posts\/39321","targetHints":{"allow":["GET"]}}],"collection":[{"href":"https:\/\/iuzb.de\/index.php?rest_route=\/wp\/v2\/posts"}],"about":[{"href":"https:\/\/iuzb.de\/index.php?rest_route=\/wp\/v2\/types\/post"}],"author":[{"embeddable":true,"href":"https:\/\/iuzb.de\/index.php?rest_route=\/wp\/v2\/users\/13"}],"replies":[{"embeddable":true,"href":"https:\/\/iuzb.de\/index.php?rest_route=%2Fwp%2Fv2%2Fcomments&post=39321"}],"version-history":[{"count":10,"href":"https:\/\/iuzb.de\/index.php?rest_route=\/wp\/v2\/posts\/39321\/revisions"}],"predecessor-version":[{"id":39331,"href":"https:\/\/iuzb.de\/index.php?rest_route=\/wp\/v2\/posts\/39321\/revisions\/39331"}],"wp:attachment":[{"href":"https:\/\/iuzb.de\/index.php?rest_route=%2Fwp%2Fv2%2Fmedia&parent=39321"}],"wp:term":[{"taxonomy":"category","embeddable":true,"href":"https:\/\/iuzb.de\/index.php?rest_route=%2Fwp%2Fv2%2Fcategories&post=39321"},{"taxonomy":"post_tag","embeddable":true,"href":"https:\/\/iuzb.de\/index.php?rest_route=%2Fwp%2Fv2%2Ftags&post=39321"}],"curies":[{"name":"wp","href":"https:\/\/api.w.org\/{rel}","templated":true}]}}