{"id":39130,"date":"2022-06-27T10:22:10","date_gmt":"2022-06-27T08:22:10","guid":{"rendered":"http:\/\/iuzb.de\/?p=39130"},"modified":"2022-06-27T10:24:23","modified_gmt":"2022-06-27T08:24:23","slug":"berliner-datenschutzbeauftragte-datenschutz-ist-leitungssache-aber-nicht-so-fachklinik-gesellschafter-kann-wegen-interessenkollision-nicht-zugleich-datenschutzbeauftragter-sein","status":"publish","type":"post","link":"https:\/\/iuzb.de\/?p=39130","title":{"rendered":"Berliner Datenschutzbeauftragte: Datenschutz ist Leitungssache, aber nicht so (Fachklinik: Klinikleiter\/Gesellschafter kann wegen Interessenkollision nicht zugleich Datenschutzbeauftragter sein)"},"content":{"rendered":"<p><strong>Berliner Beauftragte f\u00fcr Datenschutz und Informationsfreiheit<\/strong><\/p>\n<p>Aus dem Jahresbericht 2021 (<a href=\"https:\/\/www.datenschutz-berlin.de\/fileadmin\/user_upload\/pdf\/pressemitteilungen\/2022\/20220524-PM-Jahresbericht-2021-BlnBDI.pdf\" target=\"_blank\" rel=\"noopener\">Pressemitteilung<\/a> \/ <a href=\"https:\/\/www.datenschutz-berlin.de\/fileadmin\/user_upload\/pdf\/publikationen\/jahresbericht\/BlnBDI-Jahresbericht-2021-Web.pdf\" target=\"_blank\" rel=\"noopener\">BERICHT KOMPLETT<\/a>) vom 24. Mai 2022:<\/p>\n<p>&nbsp;<\/p>\n<p><span style=\"font-size: 14pt;\"><strong>13.5 Datenschutz ist Leitungssache, aber nicht so<\/strong><\/span><\/p>\n<p style=\"text-align: justify;\">Ein Bu\u00dfgeldfall zeigt exemplarisch die Wichtigkeit der Auswahl der betrieblichen Datenschutzbeauftragten auf. Eine Fachklinik hatte den Klinikleiter, der gleichzeitig Gesellschafter der Klinik war, zum Datenschutzbeauftragten ernannt.<\/p>\n<p style=\"text-align: justify;\">Ein:e Datenschutzbeauftragte:r kann zwar andere Aufgaben und Pflichten wahrnehmen, das Unternehmen hat allerdings sicherzustellen, dass andere Aufgaben und Pflichten der\/des Datenschutzbeauftragten nicht zu einem Interessenkonflikt f\u00fchren.215 Die\/Der Datenschutzbeauftragte hat im Rahmen ihrer\/seiner Aufgabenwahrnehmung216 gerade bei einem Konflikt zwischen wirtschaftlichen oder fachlichen Zielvorgaben und Interessen mit datenschutzrechtlichen Belangen (z. B. von Besch\u00e4ftigten oder Kund:innen) die Gesch\u00e4ftsleitung zu beraten, ohne selbst diesem Konflikt ausgesetzt zu sein. Sofern Datenschutzbeauftragte selbst \u00fcber die Datenverarbeitung entscheiden, f\u00fchrt dies grds. zu einem Interessenkonflikt, da diese sich insofern nicht selbst kontrollieren k\u00f6nnen. Ein unzul\u00e4ssiger Interessenkonflikt kann sich daher zun\u00e4chst schon aus der Stellung der Person im Unternehmen ergeben, insbesondere darf ein:e Datenschutzbeauftragte:r nicht Inhaber:in des jeweiligen Unternehmens oder Mitglied des gesch\u00e4ftsf\u00fchrenden Organs sein.<\/p>\n<p style=\"text-align: justify;\">Einem solchen Interessenkonflikt unterlag der Klinikleiter, da er zum einen in seiner Leitungsposition strategische und operative Entscheidungen \u00fcber die Zwecke und Mittel der Verarbeitung von Besch\u00e4ftigten- und Patient:innendaten zu treffen und als Gesellschafter ein wirtschaftliches Interesse am Erfolg der Klinik hat, er andererseits als Datenschutzbeauftragter die Einhaltung des Datenschutzrechts durch die Klinik kontrollieren muss.<\/p>\n<p style=\"text-align: justify;\">Aus einer solchen Doppelrolle folgt auch die Gefahr, dass eine erhebliche psychische Barriere f\u00fcr Patient:innen und Mitarbeitende besteht, mit kritischen Fragen zur Verarbeitung personenbezogener Daten zum Datenschutzbeauftragten, der gleichzeitig Klinikleiter ist, zu gehen.<\/p>\n<blockquote>\n<p style=\"text-align: justify;\">Zwar sollte die Unternehmensleitung die Einhaltung des Datenschutzrechts immer im Blick behalten, die Entscheidungsbefugnis der Leitungspersonen \u00fcber die Verarbeitung personenbezogener Daten sorgt allerdings daf\u00fcr, dass sie sich nicht selbst als Datenschutzbeauftragte benennen k\u00f6nnen. Wenn es bisher keine Mitarbeitenden im Unternehmen gibt, die datenschutzrechtliches Wissen haben, k\u00f6nnen solche eingestellt werden oder vorhandene Mitarbeitende f\u00fcr diese Position auf Kosten des Unternehmens geschult werden. Ansonsten besteht die M\u00f6glichkeit, externe Datenschutzbeauftragte zu engagieren.<\/p>\n<\/blockquote>\n","protected":false},"excerpt":{"rendered":"<p>Berliner Beauftragte f\u00fcr Datenschutz und Informationsfreiheit Aus dem Jahresbericht 2021 (Pressemitteilung \/ BERICHT KOMPLETT) vom 24. Mai 2022: &nbsp; 13.5 Datenschutz ist Leitungssache, aber nicht so Ein Bu\u00dfgeldfall zeigt exemplarisch [&#8230;]<\/p>\n","protected":false},"author":13,"featured_media":0,"comment_status":"open","ping_status":"closed","sticky":false,"template":"","format":"standard","meta":{"ngg_post_thumbnail":0,"iawp_total_views":1,"footnotes":""},"categories":[177,321,108,68],"tags":[],"class_list":["post-39130","post","type-post","status-publish","format-standard","hentry","category-berlin","category-beauftragte-datenschutz-und-informationsfreiheit","category-datenschutz-und-informationsfreiheit","category-recht"],"_links":{"self":[{"href":"https:\/\/iuzb.de\/index.php?rest_route=\/wp\/v2\/posts\/39130","targetHints":{"allow":["GET"]}}],"collection":[{"href":"https:\/\/iuzb.de\/index.php?rest_route=\/wp\/v2\/posts"}],"about":[{"href":"https:\/\/iuzb.de\/index.php?rest_route=\/wp\/v2\/types\/post"}],"author":[{"embeddable":true,"href":"https:\/\/iuzb.de\/index.php?rest_route=\/wp\/v2\/users\/13"}],"replies":[{"embeddable":true,"href":"https:\/\/iuzb.de\/index.php?rest_route=%2Fwp%2Fv2%2Fcomments&post=39130"}],"version-history":[{"count":5,"href":"https:\/\/iuzb.de\/index.php?rest_route=\/wp\/v2\/posts\/39130\/revisions"}],"predecessor-version":[{"id":39135,"href":"https:\/\/iuzb.de\/index.php?rest_route=\/wp\/v2\/posts\/39130\/revisions\/39135"}],"wp:attachment":[{"href":"https:\/\/iuzb.de\/index.php?rest_route=%2Fwp%2Fv2%2Fmedia&parent=39130"}],"wp:term":[{"taxonomy":"category","embeddable":true,"href":"https:\/\/iuzb.de\/index.php?rest_route=%2Fwp%2Fv2%2Fcategories&post=39130"},{"taxonomy":"post_tag","embeddable":true,"href":"https:\/\/iuzb.de\/index.php?rest_route=%2Fwp%2Fv2%2Ftags&post=39130"}],"curies":[{"name":"wp","href":"https:\/\/api.w.org\/{rel}","templated":true}]}}