{"id":39062,"date":"2022-06-23T14:36:03","date_gmt":"2022-06-23T12:36:03","guid":{"rendered":"http:\/\/iuzb.de\/?p=39062"},"modified":"2022-11-14T22:54:17","modified_gmt":"2022-11-14T21:54:17","slug":"kzv-berlin-wahl-2022-iuzb-wurde-staerkste-fraktion-und-nimmt-den-von-der-waehlerschaft-uebertragenen-fuehrungsauftrag-an","status":"publish","type":"post","link":"https:\/\/iuzb.de\/?p=39062","title":{"rendered":"KZV Berlin Wahl 2022: IUZB wurde st\u00e4rkste Fraktion und nimmt den von der W\u00e4hlerschaft \u00fcbertragenen F\u00fchrungsauftrag an"},"content":{"rendered":"<p><strong>Liebe Mitglieder der KZV Berlin<\/strong>,<\/p>\n<p style=\"text-align: justify;\">dank Ihrer Entscheidung, sind wir bei der Wahl zur Vertreterversammlung der KZV Berlin mit rund 33 % als st\u00e4rkste Fraktion hervorgegangen und wir werden somit 14 von 40 Sitzen in der k\u00fcnftigen Vertreterversammlung stellen.<\/p>\n<p style=\"text-align: justify;\">Damit haben wir erstmals den Verband der Zahn\u00e4rztinnen und Zahn\u00e4rzte von Berlin auf dieser Position abgel\u00f6st.<\/p>\n<p style=\"text-align: justify;\">In unserer <a href=\"https:\/\/iuzb.de\/?p=38227\" target=\"_blank\" rel=\"noopener\">Wahlwerbeschreiben<\/a> haben wir versprochen:<\/p>\n<blockquote>\n<p style=\"text-align: justify;\"><strong>Nur die Besten f\u00fcr Vorstand und Aussch\u00fcsse!<\/strong><\/p>\n<\/blockquote>\n<p style=\"text-align: justify;\">Dieses Versprechen gilt.<\/p>\n<p style=\"text-align: justify;\">Als st\u00e4rkste Fraktion &#8211; und somit als Wahlgewinnerin &#8211; haben wir jetzt von der W\u00e4hlerschaft den Auftrag erhalten, bis zur Konstituierung der neuen Vertreterversammlung im Januar 2023 eine tragf\u00e4hige Koalition zu bilden. Diesen F\u00fchrungsauftrag nehmen wir an. Daf\u00fcr werden wir mit allen Listen sprechen.<\/p>\n<p><strong>Mit herzlichen, kollegialen Gr\u00fc\u00dfen<\/strong><\/p>\n<p><a href=\"https:\/\/iuzb.de\/wp-content\/uploads\/2022\/04\/01_Portraits_Gneist-scaled-1-248x300-1.jpg\"><img loading=\"lazy\" decoding=\"async\" class=\"alignleft wp-image-38383\" src=\"https:\/\/iuzb.de\/wp-content\/uploads\/2022\/04\/01_Portraits_Gneist-scaled-1-248x300-1.jpg\" alt=\"\" width=\"150\" height=\"181\" srcset=\"https:\/\/iuzb.de\/wp-content\/uploads\/2022\/04\/01_Portraits_Gneist-scaled-1-248x300-1.jpg 248w, https:\/\/iuzb.de\/wp-content\/uploads\/2022\/04\/01_Portraits_Gneist-scaled-1-248x300-1-99x120.jpg 99w\" sizes=\"auto, (max-width: 150px) 100vw, 150px\" \/><\/a><\/p>\n<p>&nbsp;<\/p>\n<p>&nbsp;<\/p>\n<p><strong>Gerhard Gneist<\/strong><\/p>\n<p>1.Vorsitzender<br \/>\nIUZB e.V.<\/p>\n<p>&nbsp;<\/p>\n<p>&nbsp;<\/p>\n<p>&nbsp;<\/p>\n<p><strong><span style=\"text-decoration: underline;\">\u00dcber uns<\/span><\/strong>:<\/p>\n<p style=\"text-align: justify;\">Die <strong>IUZB<\/strong> wurde im Jahr 2002 als eingetragener Verein gegr\u00fcndet. In unserer <a href=\"https:\/\/iuzb.de\/wp-content\/uploads\/2008\/06\/IUZB-Satzung-ab-2010-07-09.pdf\" target=\"_blank\" rel=\"noopener\">Satzungspr\u00e4ambel<\/a> hei\u00dft es unter anderem:<\/p>\n<blockquote>\n<p style=\"text-align: justify;\">Die Initiative Unabh\u00e4ngige Zahn\u00e4rzte Berlin begreift sich nicht als weiterer konkurrierender Berufsverband neben anderen bereits bestehenden Zusammenschl\u00fcssen von Zahn\u00e4rzten in Berlin. Der Verein will vielmehr die M\u00f6glichkeit schaffen, Zersplitterung zu \u00fcberwinden. Der Verein arbeitet mit anderen Zusammenschl\u00fcssen und Verb\u00e4nden zusammen &#8211; bis hin zum Zusammenschluss \u2013 und steht auch den Mitgliedern anderer Zusammenschl\u00fcsse offen.<br \/>\n<strong>Ziel und Auftrag des Vereins ist die B\u00fcndelung aller Kr\u00e4fte zum Wohl der Berliner Zahn\u00e4rzteschaft.<\/strong><\/p>\n<\/blockquote>\n","protected":false},"excerpt":{"rendered":"<p>Liebe Mitglieder der KZV Berlin, dank Ihrer Entscheidung, sind wir bei der Wahl zur Vertreterversammlung der KZV Berlin mit rund 33 % als st\u00e4rkste Fraktion hervorgegangen und wir werden somit [&#8230;]<\/p>\n","protected":false},"author":8,"featured_media":38403,"comment_status":"open","ping_status":"closed","sticky":false,"template":"","format":"standard","meta":{"ngg_post_thumbnail":0,"iawp_total_views":4,"footnotes":""},"categories":[48,242,45,276],"tags":[],"class_list":["post-39062","post","type-post","status-publish","format-standard","has-post-thumbnail","hentry","category-iuzb","category-infobriefe","category-kzv-berlin","category-kzv-wahl-2022"],"_links":{"self":[{"href":"https:\/\/iuzb.de\/index.php?rest_route=\/wp\/v2\/posts\/39062","targetHints":{"allow":["GET"]}}],"collection":[{"href":"https:\/\/iuzb.de\/index.php?rest_route=\/wp\/v2\/posts"}],"about":[{"href":"https:\/\/iuzb.de\/index.php?rest_route=\/wp\/v2\/types\/post"}],"author":[{"embeddable":true,"href":"https:\/\/iuzb.de\/index.php?rest_route=\/wp\/v2\/users\/8"}],"replies":[{"embeddable":true,"href":"https:\/\/iuzb.de\/index.php?rest_route=%2Fwp%2Fv2%2Fcomments&post=39062"}],"version-history":[{"count":7,"href":"https:\/\/iuzb.de\/index.php?rest_route=\/wp\/v2\/posts\/39062\/revisions"}],"predecessor-version":[{"id":39069,"href":"https:\/\/iuzb.de\/index.php?rest_route=\/wp\/v2\/posts\/39062\/revisions\/39069"}],"wp:featuredmedia":[{"embeddable":true,"href":"https:\/\/iuzb.de\/index.php?rest_route=\/wp\/v2\/media\/38403"}],"wp:attachment":[{"href":"https:\/\/iuzb.de\/index.php?rest_route=%2Fwp%2Fv2%2Fmedia&parent=39062"}],"wp:term":[{"taxonomy":"category","embeddable":true,"href":"https:\/\/iuzb.de\/index.php?rest_route=%2Fwp%2Fv2%2Fcategories&post=39062"},{"taxonomy":"post_tag","embeddable":true,"href":"https:\/\/iuzb.de\/index.php?rest_route=%2Fwp%2Fv2%2Ftags&post=39062"}],"curies":[{"name":"wp","href":"https:\/\/api.w.org\/{rel}","templated":true}]}}