{"id":38992,"date":"2022-06-22T09:28:50","date_gmt":"2022-06-22T07:28:50","guid":{"rendered":"http:\/\/iuzb.de\/?p=38992"},"modified":"2022-06-22T09:29:22","modified_gmt":"2022-06-22T07:29:22","slug":"bsg-rechtsanwaelte-in-einer-rechtsanwaltsgesellschaft-sozialversicherungspflichtig-sitzung-12-senat-am-28-06-2022","status":"publish","type":"post","link":"https:\/\/iuzb.de\/?p=38992","title":{"rendered":"BSG: Rechtsanw\u00e4lte in einer Rechtsanwaltsgesellschaft sozialversicherungspflichtig? &#8211; Sitzung 12. Senat am 28.06.2022"},"content":{"rendered":"<p style=\"text-align: justify;\">K\u00f6nnen Rechtsanw\u00e4lte, die Gesellschafter und Gesch\u00e4ftsf\u00fchrer einer Rechtsanwaltsgesellschaft sind, aufgrund abh\u00e4ngiger Besch\u00e4ftigung der Sozialversicherungspflicht unterliegen? Dar\u00fcber wird der 12. Senat des Bundessozialgerichts<\/p>\n<ul>\n<li style=\"text-align: justify;\">am 28. Juni 2022 ab 12:30 Uhr<\/li>\n<\/ul>\n<p style=\"text-align: justify;\">im Rahmen einer \u00f6ffentlichen Sitzung im Wei\u00dfenstein-Saal m\u00fcndlich verhandeln und eine Entscheidung verk\u00fcnden (Aktenzeichen: B 12 R 4\/20 R).<\/p>\n<p style=\"text-align: justify;\">Die f\u00fcnf klagenden Rechtsanw\u00e4lte sind Gesellschafter-Gesch\u00e4ftsf\u00fchrer einer Rechtsanwaltsgesellschaft. Deren Gegenstand ist die \u00dcbernahme und die Ausf\u00fchrung von Anwaltsauftr\u00e4gen, insbesondere die Beratung und Vertretung in Rechtsangelegenheiten und alle damit im Zusammenhang stehenden Gesch\u00e4fte, die durch in Diensten der Gesellschaft stehende zugelassene Rechtsanw\u00e4lte unabh\u00e4ngig, weisungsfrei und eigenverantwortlich unter Beachtung ihres Berufsrechts ausgef\u00fchrt werden. Die Kl\u00e4ger hielten zun\u00e4chst jeweils 20%, nach Ausscheiden eines Kl\u00e4gers 25% der Gesellschaftsanteile. Die Gesch\u00e4ftsf\u00fchrervertr\u00e4ge sehen unter anderem ein festes Monatsgehalt von brutto 6500 Euro zuz\u00fcglich eines 13. Monatsgehalts und eine gewinnabh\u00e4ngige Tantieme vor. Im Rahmen eines Statusfeststellungsverfahrens stellte die beklagte Deutsche Rentenversicherung Bund das Bestehen von Versicherungspflicht aufgrund Besch\u00e4ftigung in der gesetzlichen Rentenversicherung sowie nach dem Recht der Arbeitsf\u00f6rderung fest. In der gesetzlichen Krankenversicherung und sozialen Pflegeversicherung bestand wegen \u00dcberschreitens der Jahresarbeitsentgeltgrenze Versicherungsfreiheit. Klagen und Berufungen der Kl\u00e4ger sind ohne Erfolg geblieben.<\/p>\n<p style=\"text-align: justify;\">Mit ihren Revisionen r\u00fcgen die Kl\u00e4ger eine Verletzung von <a href=\"https:\/\/dejure.org\/gesetze\/SGB_IV\/7.html\" target=\"_blank\" rel=\"noopener\">\u00a7 7 SGB IV<\/a>. Die Vorinstanzen h\u00e4tten nicht ausreichend ber\u00fccksichtigt, dass sie als Rechtsanw\u00e4lte unabh\u00e4ngige Organe der Rechtspflege seien. Zudem gew\u00e4hrleiste die Bundesrechtsanwaltsordnung ausdr\u00fccklich die Unabh\u00e4ngigkeit von Rechtsanw\u00e4lten, die Gesch\u00e4ftsf\u00fchrer einer Rechtsanwaltsgesellschaft seien. Daher seien sie nicht mit Honorar\u00e4rzten oder Steuerberatern vergleichbar.<\/p>\n<p>Quelle: Bundessozialgericht, Pressemitteilung Nr. 23\/2022vom 22.06.2022 zur Terminank\u00fcndigung f\u00fcr den 28.06.2022<\/p>\n","protected":false},"excerpt":{"rendered":"<p>K\u00f6nnen Rechtsanw\u00e4lte, die Gesellschafter und Gesch\u00e4ftsf\u00fchrer einer Rechtsanwaltsgesellschaft sind, aufgrund abh\u00e4ngiger Besch\u00e4ftigung der Sozialversicherungspflicht unterliegen? Dar\u00fcber wird der 12. Senat des Bundessozialgerichts am 28. Juni 2022 ab 12:30 Uhr im [&#8230;]<\/p>\n","protected":false},"author":13,"featured_media":0,"comment_status":"open","ping_status":"closed","sticky":false,"template":"","format":"standard","meta":{"ngg_post_thumbnail":0,"iawp_total_views":2,"footnotes":""},"categories":[80],"tags":[],"class_list":["post-38992","post","type-post","status-publish","format-standard","hentry","category-bsg"],"_links":{"self":[{"href":"https:\/\/iuzb.de\/index.php?rest_route=\/wp\/v2\/posts\/38992","targetHints":{"allow":["GET"]}}],"collection":[{"href":"https:\/\/iuzb.de\/index.php?rest_route=\/wp\/v2\/posts"}],"about":[{"href":"https:\/\/iuzb.de\/index.php?rest_route=\/wp\/v2\/types\/post"}],"author":[{"embeddable":true,"href":"https:\/\/iuzb.de\/index.php?rest_route=\/wp\/v2\/users\/13"}],"replies":[{"embeddable":true,"href":"https:\/\/iuzb.de\/index.php?rest_route=%2Fwp%2Fv2%2Fcomments&post=38992"}],"version-history":[{"count":2,"href":"https:\/\/iuzb.de\/index.php?rest_route=\/wp\/v2\/posts\/38992\/revisions"}],"predecessor-version":[{"id":38994,"href":"https:\/\/iuzb.de\/index.php?rest_route=\/wp\/v2\/posts\/38992\/revisions\/38994"}],"wp:attachment":[{"href":"https:\/\/iuzb.de\/index.php?rest_route=%2Fwp%2Fv2%2Fmedia&parent=38992"}],"wp:term":[{"taxonomy":"category","embeddable":true,"href":"https:\/\/iuzb.de\/index.php?rest_route=%2Fwp%2Fv2%2Fcategories&post=38992"},{"taxonomy":"post_tag","embeddable":true,"href":"https:\/\/iuzb.de\/index.php?rest_route=%2Fwp%2Fv2%2Ftags&post=38992"}],"curies":[{"name":"wp","href":"https:\/\/api.w.org\/{rel}","templated":true}]}}