{"id":38986,"date":"2022-06-22T08:23:59","date_gmt":"2022-06-22T06:23:59","guid":{"rendered":"http:\/\/iuzb.de\/?p=38986"},"modified":"2023-04-02T08:35:47","modified_gmt":"2023-04-02T06:35:47","slug":"18-11-2022-iuzb-mitgliederversammlung-und-weihnachtsfeier","status":"publish","type":"post","link":"https:\/\/iuzb.de\/?p=38986","title":{"rendered":"18.11.2022: IUZB Mitgliederversammlung und Weihnachtsfeier"},"content":{"rendered":"<p>Liebe Mitglieder und<br \/>\nliebe Freundinnen und Freunde der IUZB,<\/p>\n<p>in wenigen Stunden wissen wir, wie die KZV-Wahl ausgegangen ist und ob unsere viele M\u00fche in den letzten Jahren und im Wahlkampf von der W\u00e4hlerschaft auch mit einem guten Wahlergebnis belohnt wird.<\/p>\n<p>Sei es, wie es sein wird, wir haben uns entschlossen,<\/p>\n<ul>\n<li>am <strong>Freitag, den 18. November 2022<\/strong><\/li>\n<li>um 20:00 Uhr<\/li>\n<li>in unserem alten Stammlokal Tutti Gusti<\/li>\n<\/ul>\n<p>unsere diesj\u00e4hrige Mitgliederversammlung mit einer anschlie\u00dfenden Weihnachtsfeier abzuhalten.<\/p>\n<p>Geladen dazu sind unsere Mitglieder, aber auch alle die uns nahestehen!<\/p>\n<p>Dies ist nur zun\u00e4chst eine Ank\u00fcndigung, damit Ihr Euch den Termin notieren k\u00f6nnt. Eine formale Einladung unter Beif\u00fcgung der Tagesordnung erfolgt durch unseren 1. Vorsitzenden Gerhard Gneist satzungsgem\u00e4\u00df rechtzeitig.<\/p>\n<p>&nbsp;<\/p>\n<p>&nbsp;<\/p>\n","protected":false},"excerpt":{"rendered":"<p>Liebe Mitglieder und liebe Freundinnen und Freunde der IUZB, in wenigen Stunden wissen wir, wie die KZV-Wahl ausgegangen ist und ob unsere viele M\u00fche in den letzten Jahren und im [&#8230;]<\/p>\n","protected":false},"author":13,"featured_media":0,"comment_status":"open","ping_status":"closed","sticky":false,"template":"","format":"standard","meta":{"ngg_post_thumbnail":0,"iawp_total_views":1,"footnotes":""},"categories":[48],"tags":[],"class_list":["post-38986","post","type-post","status-publish","format-standard","hentry","category-iuzb"],"_links":{"self":[{"href":"https:\/\/iuzb.de\/index.php?rest_route=\/wp\/v2\/posts\/38986","targetHints":{"allow":["GET"]}}],"collection":[{"href":"https:\/\/iuzb.de\/index.php?rest_route=\/wp\/v2\/posts"}],"about":[{"href":"https:\/\/iuzb.de\/index.php?rest_route=\/wp\/v2\/types\/post"}],"author":[{"embeddable":true,"href":"https:\/\/iuzb.de\/index.php?rest_route=\/wp\/v2\/users\/13"}],"replies":[{"embeddable":true,"href":"https:\/\/iuzb.de\/index.php?rest_route=%2Fwp%2Fv2%2Fcomments&post=38986"}],"version-history":[{"count":3,"href":"https:\/\/iuzb.de\/index.php?rest_route=\/wp\/v2\/posts\/38986\/revisions"}],"predecessor-version":[{"id":41773,"href":"https:\/\/iuzb.de\/index.php?rest_route=\/wp\/v2\/posts\/38986\/revisions\/41773"}],"wp:attachment":[{"href":"https:\/\/iuzb.de\/index.php?rest_route=%2Fwp%2Fv2%2Fmedia&parent=38986"}],"wp:term":[{"taxonomy":"category","embeddable":true,"href":"https:\/\/iuzb.de\/index.php?rest_route=%2Fwp%2Fv2%2Fcategories&post=38986"},{"taxonomy":"post_tag","embeddable":true,"href":"https:\/\/iuzb.de\/index.php?rest_route=%2Fwp%2Fv2%2Ftags&post=38986"}],"curies":[{"name":"wp","href":"https:\/\/api.w.org\/{rel}","templated":true}]}}