{"id":38878,"date":"2022-06-10T14:07:33","date_gmt":"2022-06-10T12:07:33","guid":{"rendered":"http:\/\/iuzb.de\/?p=38878"},"modified":"2022-06-10T14:21:40","modified_gmt":"2022-06-10T12:21:40","slug":"vmf-mfa-koennen-diese-luecke-nicht-fuellen","status":"publish","type":"post","link":"https:\/\/iuzb.de\/?p=38878","title":{"rendered":"VmF: MFA k\u00f6nnen diese L\u00fccke nicht f\u00fcllen!"},"content":{"rendered":"<p style=\"text-align: justify;\"><strong>Verband medizinischer Fachberufe e.V. sieht \u00dcbereinstimmung und Differenzen zur Stellungnahme des ExpertInnenrats.<\/strong><\/p>\n<p style=\"text-align: justify;\"><strong>Resolution der BHV-Mitglieder jetzt ver\u00f6ffentlicht<\/strong><\/p>\n<p style=\"text-align: justify;\">10.06.2022. Der Verband medizinischer Fachberufe e.V. (vmf) sieht sich in Teilen der Einsch\u00e4tzung des ExpertInnenrates Corona best\u00e4tigt. Das Gremium der Bundesregierung empfiehlt dringend eine Reform des Gesundheitswesens mit dem Ziel, die \u201e\u00fcberm\u00e4\u00dfige Arbeitsbelastung der verschiedenen Berufsgruppen im Gesundheitswesen\u201c zu reduzieren und \u201ederen Verg\u00fctung ad\u00e4quat\u201c anzupassen.<\/p>\n<p style=\"text-align: justify;\">Die Aussage: \u201eOhne eine sichtbare Steigerung der Attraktivit\u00e4t des Pflegeberufs und anderer Gesundheitsberufe kann absehbar von einer nachhaltigen Versorgungskrise im Gesundheitssystem ausgegangen werden\u201c stimme mit der Resolution der Mitglieder der 27. ordentlichen Bundeshauptversammlung \u00fcberein, erkl\u00e4rte dazu vmf-Pr\u00e4sidentin Hannelore K\u00f6nig. Mitte Mai hatte das h\u00f6chste Organ des Verbandes medizinischer Fachberufe e.V. getagt und eine Resolution verabschiedet. Diese Entschlie\u00dfung liegt nun in der Endfassung vor. Die Interessenvertretung der Medizinischen, Tiermedizinischen und Zahnmedizinischen Fachangestellten (MFA, TFA, ZFA) sowie der Zahntechnikerinnen und Zahntechniker formuliert darin Forderungen an die Verantwortlichen auf Bundes- und Landesebene, um dem Fachkr\u00e4ftemangel entschieden zu begegnen.<\/p>\n<p style=\"text-align: justify;\">\u201eDer Engpass in den von uns vertretenen Berufen ist dramatisch\u201c, so Hannelore K\u00f6nig. \u201eVielerorts ist der Arbeitsmarkt leergefegt. \u00c4rztliche Praxen m\u00fcssen ihre Leistungen einschr\u00e4nken. Zahn\u00e4rztliche Praxen suchen h\u00e4nderingend nach Personal. Wir sehen als wichtigste Gr\u00fcnde daf\u00fcr die v\u00f6llig unzureichende Gehaltssituation, die enorme Stressbelastung im Arbeitsalltag und die fehlende Wertsch\u00e4tzung. Diese Situation hat sich seit Beginn der Pandemie potenziert. Ich erinnere nur daran, dass die Teams der \u00e4rztlichen Praxen mehr als 90 Prozent der COVID-19-Patientinnen und Patienten versorgt haben. Deshalb lassen wir nicht locker und haben dringende Ma\u00dfnahmen aufgelistet. Diese betreffen in erster Linie die Anpassung der Geh\u00e4lter, aber auch die Reduzierung der Stressbelastung. Daneben gilt es, die Rolle von MFA und ZFA in der Patientenversorgung und in der Kooperation mit anderen Gesundheitsberufen zu st\u00e4rken. Au\u00dferdem m\u00fcssen die Kompetenzen von MFA und ZFA auch im berufsrechtlichen und bildungspolitischen Rahmen anerkannt und die Aus- und Fortbildung aller von uns vertretenen Berufe verbessert werden.<\/p>\n<p style=\"text-align: justify;\">Das hei\u00dft gleichzeitig: MFA k\u00f6nnen nicht die L\u00fccken in der Pflege in den Kinder- und Jugendkliniken f\u00fcllen. In diesem Punkt widersprechen wir dem ExpertInnenrat entschieden. Gesundheitsberufe sollten nicht in Konkurrenz zueinander treten, sondern ihr Wissen, ihre Erfahrungen und ihre Kenntnisse gegenseitig anerkennen und zum Wohle der Patientinnen und Patienten einsetzen. Es ist Sache der Politik, daf\u00fcr die entsprechenden Rahmenbedingungen zu schaffen. Neue Berufsbilder wie die der Impfnurse mit neuen Schnittstellen helfen nur bedingt.\u201c<\/p>\n<p>Quelle: Verband medizinischer Fachberufe e.V., Pressemitteilung vom 10.06.2022<\/p>\n<p>&nbsp;<\/p>\n<p>&nbsp;<\/p>\n<p>Hintergrund,<br \/>\n<a href=\"https:\/\/www.bundesregierung.de\/breg-de\/bundesregierung\/bundeskanzleramt\/corona-expertinnenrat-der-bundesregierung\" target=\"_blank\" rel=\"noopener\">Corona ExpertInnenrat der Bundesregierung<\/a>, <a href=\"https:\/\/www.bundesregierung.de\/resource\/blob\/975196\/2048684\/0e393c7cf5d2b3a556fa6a8df6352d11\/2022-06-08-stellungnahme-expertinnenrat-data.pdf?download=1\" target=\"_blank\" rel=\"noopener\">Stellungnahme Nr. 11 vom 08.06.2022<\/a>:<\/p>\n<blockquote>\n<p style=\"text-align: justify;\"><span class=\"\" dir=\"ltr\" role=\"presentation\"><span dir=\"ltr\" role=\"presentation\">Auszug, Seite 18: Ein besonderes Augenmerk sollte dar\u00fcber hinaus darauf gelegt werden, sekund\u00e4re Sch\u00e4den im Gesundheitssystem zu vermeiden. Eine erneute dauerhafte Extrembelastung wird zu einer weiteren Fluktuation aus den Gesundheitsberufen, insbesondere in hochbelasteten Bereichen, f\u00fchren.<\/span><\/span><\/p>\n<p style=\"text-align: justify;\"><span class=\"\" dir=\"ltr\" role=\"presentation\"><span dir=\"ltr\" role=\"presentation\">Eine solche Fluktuation von Personal aus Pflege- <\/span><span dir=\"ltr\" role=\"presentation\">und Gesundheitsberufen hat dramatische Folgen<\/span> f<span dir=\"ltr\" role=\"presentation\">\u00fcr die fl\u00e4chendeckende, qualitativ hochwertige <\/span><span dir=\"ltr\" role=\"presentation\">Gesundheitsversorgung in Deutschland, unab<\/span><span dir=\"ltr\" role=\"presentation\">h\u00e4ngig von Infektionskrankheiten. <\/span><\/span><\/p>\n<p style=\"text-align: justify;\"><span class=\"\" dir=\"ltr\" role=\"presentation\"><span dir=\"ltr\" role=\"presentation\">Eine entspre<\/span><span dir=\"ltr\" role=\"presentation\">chende Kommission, die L\u00f6sungsvorschl\u00e4ge <\/span><span dir=\"ltr\" role=\"presentation\">unterbreitet, sollte umgehend eingesetzt werden. <\/span><\/span><span class=\"\" dir=\"ltr\" role=\"presentation\">Eine <span class=\"highlight selected appended\">Reform<\/span> des Gesundheitswesens mit dem <\/span><span dir=\"ltr\" role=\"presentation\">Ziel der Reduktion der \u00fcberm\u00e4\u00dfigen Arbeits<\/span><span dir=\"ltr\" role=\"presentation\">belastung und einer ad\u00e4quaten Anpassung der <\/span><span dir=\"ltr\" role=\"presentation\">Verg\u00fctung der verschiedenen Berufsgruppen im <\/span><span dir=\"ltr\" role=\"presentation\">Gesundheitswesen sollte ebenso zeitnah ange<\/span><span dir=\"ltr\" role=\"presentation\">strebt werden. Ohne eine sichtbare Steigerung <\/span><span dir=\"ltr\" role=\"presentation\">der Attraktivit\u00e4t des Pflegeberufs und anderer <\/span><span dir=\"ltr\" role=\"presentation\">Gesundheitsberufe kann absehbar von einer <\/span><span dir=\"ltr\" role=\"presentation\">nachhaltigen Versorgungskrise im Gesundheits<\/span><span dir=\"ltr\" role=\"presentation\">system ausgegangen werden. <\/span><\/p>\n<\/blockquote>\n","protected":false},"excerpt":{"rendered":"<p>Verband medizinischer Fachberufe e.V. sieht \u00dcbereinstimmung und Differenzen zur Stellungnahme des ExpertInnenrats. Resolution der BHV-Mitglieder jetzt ver\u00f6ffentlicht 10.06.2022. Der Verband medizinischer Fachberufe e.V. (vmf) sieht sich in Teilen der Einsch\u00e4tzung [&#8230;]<\/p>\n","protected":false},"author":13,"featured_media":0,"comment_status":"open","ping_status":"closed","sticky":false,"template":"","format":"standard","meta":{"ngg_post_thumbnail":0,"iawp_total_views":2,"footnotes":""},"categories":[268,107],"tags":[],"class_list":["post-38878","post","type-post","status-publish","format-standard","hentry","category-vmf","category-zfa"],"_links":{"self":[{"href":"https:\/\/iuzb.de\/index.php?rest_route=\/wp\/v2\/posts\/38878","targetHints":{"allow":["GET"]}}],"collection":[{"href":"https:\/\/iuzb.de\/index.php?rest_route=\/wp\/v2\/posts"}],"about":[{"href":"https:\/\/iuzb.de\/index.php?rest_route=\/wp\/v2\/types\/post"}],"author":[{"embeddable":true,"href":"https:\/\/iuzb.de\/index.php?rest_route=\/wp\/v2\/users\/13"}],"replies":[{"embeddable":true,"href":"https:\/\/iuzb.de\/index.php?rest_route=%2Fwp%2Fv2%2Fcomments&post=38878"}],"version-history":[{"count":5,"href":"https:\/\/iuzb.de\/index.php?rest_route=\/wp\/v2\/posts\/38878\/revisions"}],"predecessor-version":[{"id":38883,"href":"https:\/\/iuzb.de\/index.php?rest_route=\/wp\/v2\/posts\/38878\/revisions\/38883"}],"wp:attachment":[{"href":"https:\/\/iuzb.de\/index.php?rest_route=%2Fwp%2Fv2%2Fmedia&parent=38878"}],"wp:term":[{"taxonomy":"category","embeddable":true,"href":"https:\/\/iuzb.de\/index.php?rest_route=%2Fwp%2Fv2%2Fcategories&post=38878"},{"taxonomy":"post_tag","embeddable":true,"href":"https:\/\/iuzb.de\/index.php?rest_route=%2Fwp%2Fv2%2Ftags&post=38878"}],"curies":[{"name":"wp","href":"https:\/\/api.w.org\/{rel}","templated":true}]}}