{"id":38855,"date":"2022-06-07T14:14:24","date_gmt":"2022-06-07T12:14:24","guid":{"rendered":"http:\/\/iuzb.de\/?p=38855"},"modified":"2022-06-07T14:19:14","modified_gmt":"2022-06-07T12:19:14","slug":"gerd-glaeske-ist-tot","status":"publish","type":"post","link":"https:\/\/iuzb.de\/?p=38855","title":{"rendered":"Zum Tod von Gerd Glaeske"},"content":{"rendered":"<p><strong>Professor Gerd Glaeske ist tot. Der Gesundheitswissenschaftler starb am 27. Mai 2022 nach langer Krankheit im Alter von 77 Jahren. Glaeske war Apotheker und viele Jahrzehnte in der Arzneimittelversorgungsforschung t\u00e4tig.<\/strong><\/p>\n<p style=\"text-align: justify;\">Seit 1999 hatte Glaeske die Professur f\u00fcr Arzneimittelanwendungsforschung am Zentrum f\u00fcr Sozialpolitik der Universit\u00e4t Bremen inne und leitete die Forschungseinheit \u201eArzneimittelberatung und Arzneimittelinformation\u201c. Seit 2007 leitete er zudem die Abteilung Gesundheit, Pflege und Alterssicherung am SOCIUM &#8211; Forschungszentrum Ungleichheit und Sozialpolitik der Universit\u00e4t Bremen. Zwischen 2003 und 2006 war er Mitglied im gesch\u00e4ftsf\u00fchrenden Direktorium des Zentrums f\u00fcr Public Health (ZPH) in Bremen.<\/p>\n<p style=\"text-align: justify;\">\u201eGerd Glaeske war ein herausragender Wissenschaftler im Bereich der Gesundheitswissenschaften\u201c, sagte Professorin Jutta G\u00fcnther, Konrektorin f\u00fcr Forschung, wissenschaftlichen Nachwuchs und Transfer der Universit\u00e4t Bremen. \u201eUnd er hat es vermocht, sein Wissen auch allgemeinverst\u00e4ndlich in die Breite der Bev\u00f6lkerung zu tragen. Er hat sehr viele Verdienste. Wir sind tieftraurig und unser Mitgef\u00fchl und unsere Gedanken sind bei seinen Angeh\u00f6rigen.\u201c<\/p>\n<p>Quelle: Universit\u00e4t Bremen, <a href=\"https:\/\/www.uni-bremen.de\/universitaet\/hochschulkommunikation-und-marketing\/aktuelle-meldungen\/detailansicht\/zum-tod-von-gerd-glaeske\" target=\"_blank\" rel=\"noopener\">Pressemitteilung vom 01.06.2022<\/a><\/p>\n<p>&nbsp;<\/p>\n<p>Wikipedia: <a href=\"https:\/\/de.wikipedia.org\/wiki\/Gerd_Glaeske\" target=\"_blank\" rel=\"noopener\">Gerd Glaeske<\/a><\/p>\n","protected":false},"excerpt":{"rendered":"<p>Professor Gerd Glaeske ist tot. Der Gesundheitswissenschaftler starb am 27. Mai 2022 nach langer Krankheit im Alter von 77 Jahren. Glaeske war Apotheker und viele Jahrzehnte in der Arzneimittelversorgungsforschung t\u00e4tig. [&#8230;]<\/p>\n","protected":false},"author":13,"featured_media":0,"comment_status":"open","ping_status":"closed","sticky":false,"template":"","format":"standard","meta":{"ngg_post_thumbnail":0,"iawp_total_views":0,"footnotes":""},"categories":[1],"tags":[],"class_list":["post-38855","post","type-post","status-publish","format-standard","hentry","category-allgemein"],"_links":{"self":[{"href":"https:\/\/iuzb.de\/index.php?rest_route=\/wp\/v2\/posts\/38855","targetHints":{"allow":["GET"]}}],"collection":[{"href":"https:\/\/iuzb.de\/index.php?rest_route=\/wp\/v2\/posts"}],"about":[{"href":"https:\/\/iuzb.de\/index.php?rest_route=\/wp\/v2\/types\/post"}],"author":[{"embeddable":true,"href":"https:\/\/iuzb.de\/index.php?rest_route=\/wp\/v2\/users\/13"}],"replies":[{"embeddable":true,"href":"https:\/\/iuzb.de\/index.php?rest_route=%2Fwp%2Fv2%2Fcomments&post=38855"}],"version-history":[{"count":7,"href":"https:\/\/iuzb.de\/index.php?rest_route=\/wp\/v2\/posts\/38855\/revisions"}],"predecessor-version":[{"id":38857,"href":"https:\/\/iuzb.de\/index.php?rest_route=\/wp\/v2\/posts\/38855\/revisions\/38857"}],"wp:attachment":[{"href":"https:\/\/iuzb.de\/index.php?rest_route=%2Fwp%2Fv2%2Fmedia&parent=38855"}],"wp:term":[{"taxonomy":"category","embeddable":true,"href":"https:\/\/iuzb.de\/index.php?rest_route=%2Fwp%2Fv2%2Fcategories&post=38855"},{"taxonomy":"post_tag","embeddable":true,"href":"https:\/\/iuzb.de\/index.php?rest_route=%2Fwp%2Fv2%2Ftags&post=38855"}],"curies":[{"name":"wp","href":"https:\/\/api.w.org\/{rel}","templated":true}]}}