{"id":38805,"date":"2022-06-05T17:34:30","date_gmt":"2022-06-05T15:34:30","guid":{"rendered":"http:\/\/iuzb.de\/?p=38805"},"modified":"2022-06-21T18:01:56","modified_gmt":"2022-06-21T16:01:56","slug":"wenn-sich-der-hank-zum-honk-macht","status":"publish","type":"post","link":"https:\/\/iuzb.de\/?p=38805","title":{"rendered":"Wenn sich der Hank zum Honk macht"},"content":{"rendered":"<p><img loading=\"lazy\" decoding=\"async\" class=\"alignnone size-full wp-image-38806\" src=\"https:\/\/iuzb.de\/wp-content\/uploads\/2022\/06\/Infobrief-Liste-2-IUZB-Die-bessere-Wahl-in-Partnerschaft-mit-DAZ-und-Fraktion-Gesundheit.png\" alt=\"\" width=\"550\" height=\"193\" srcset=\"https:\/\/iuzb.de\/wp-content\/uploads\/2022\/06\/Infobrief-Liste-2-IUZB-Die-bessere-Wahl-in-Partnerschaft-mit-DAZ-und-Fraktion-Gesundheit.png 550w, https:\/\/iuzb.de\/wp-content\/uploads\/2022\/06\/Infobrief-Liste-2-IUZB-Die-bessere-Wahl-in-Partnerschaft-mit-DAZ-und-Fraktion-Gesundheit-450x158.png 450w, https:\/\/iuzb.de\/wp-content\/uploads\/2022\/06\/Infobrief-Liste-2-IUZB-Die-bessere-Wahl-in-Partnerschaft-mit-DAZ-und-Fraktion-Gesundheit-330x116.png 330w\" sizes=\"auto, (max-width: 550px) 100vw, 550px\" \/><\/p>\n<p style=\"text-align: justify;\"><strong>Sehr geehrte Mitglieder der KZV Berlin,<\/strong><br \/>\n<strong>sehr geehrte W\u00e4hlerschaft,<\/strong><\/p>\n<p style=\"text-align: justify;\">eine schon jahrelang bestehende Gemengelage aus Desinteresse, Verweigerung und Unt\u00e4tigkeit f\u00fchrt dazu, dass Nachfragen von Delegierten der IUZB zu den massiven Problemen der letzten Jahre im PPI von interessierter Seite gerne mit der Unterstellung der Nestbeschmutzung oder des Geheimnisverrats begleitet werden.<\/p>\n<p style=\"text-align: justify;\">Dass dies in Wahlkampfzeiten besonders skrupellos von einigen Mitgliedern des Verbandes der Zahn\u00e4rztinnen und Zahn\u00e4rzte zur Verunglimpfung der IUZB genutzt wird, kann aktuell auf der Internetseite (facebook) des Verbandes nachgelesen werden.<\/p>\n<p style=\"text-align: justify;\"><a href=\"https:\/\/iuzb.de\/wp-content\/uploads\/2022\/06\/Hank-Meyer-Verband-der-Zahnaerztinnen-und-Zahnaerzte-von-Berlin-01-anonymisiert.jpg\" target=\"_blank\" rel=\"noopener\"><img loading=\"lazy\" decoding=\"async\" class=\"alignright wp-image-38807\" src=\"https:\/\/iuzb.de\/wp-content\/uploads\/2022\/06\/Hank-Meyer-Verband-der-Zahnaerztinnen-und-Zahnaerzte-von-Berlin-01-anonymisiert.jpg\" alt=\"\" width=\"250\" height=\"111\" srcset=\"https:\/\/iuzb.de\/wp-content\/uploads\/2022\/06\/Hank-Meyer-Verband-der-Zahnaerztinnen-und-Zahnaerzte-von-Berlin-01-anonymisiert.jpg 892w, https:\/\/iuzb.de\/wp-content\/uploads\/2022\/06\/Hank-Meyer-Verband-der-Zahnaerztinnen-und-Zahnaerzte-von-Berlin-01-anonymisiert-450x200.jpg 450w, https:\/\/iuzb.de\/wp-content\/uploads\/2022\/06\/Hank-Meyer-Verband-der-Zahnaerztinnen-und-Zahnaerzte-von-Berlin-01-anonymisiert-270x120.jpg 270w, https:\/\/iuzb.de\/wp-content\/uploads\/2022\/06\/Hank-Meyer-Verband-der-Zahnaerztinnen-und-Zahnaerzte-von-Berlin-01-anonymisiert-768x342.jpg 768w\" sizes=\"auto, (max-width: 250px) 100vw, 250px\" \/><\/a>Dort behauptet ein gewisser Hank(!) Meyer &#8211; <a href=\"https:\/\/www.facebook.com\/jorg.meyer.75\" target=\"_blank\" rel=\"noopener\">https:\/\/www.facebook.com\/jorg.meyer.75<\/a> &#8211; , der unschwer als Dr. J\u00f6rg Meyer identifiziert werden kann, folgendes:<\/p>\n<blockquote>\n<p style=\"text-align: justify;\">&#8222;\u2026 und in unserem Pfaff-Institut versucht die IUZB eine Abrechnung von GKV-Leistungen im Rahmen der Weiterbildung unserer ZFA\u2018s zu torpedieren. Alles zum Nachteil der gesamten Berliner Kollegenschaft!!!&#8220;<\/p>\n<\/blockquote>\n<p style=\"text-align: justify;\">Wahr ist dagegen folgendes:<\/p>\n<p style=\"text-align: justify;\">Es geht uns selbstverst\u00e4ndlich nicht darum, eine notwendige Fortbildung der ZFA\u2019s zu unterbinden.<\/p>\n<p style=\"text-align: justify;\">Aber jeder Kollege, der so abrechnen w\u00fcrde, wie es unser Philipp-Pfaff-Institut mit dem Institut f\u00fcr Zahn-, Mund- und Kieferheilkunde an der Charit\u00e9 vertraglich vereinbart hatte<strong>*<\/strong>, h\u00e4tte den ganzen Apparat der KZV Berlin gegen sich.<\/p>\n<p style=\"text-align: justify;\">Wir hinterfragen, ob die in diesem Zusammenhang zwischen dem Pfaff und der Charit\u00e9 getroffenen Regelungen als Abrechnungsbetrug angesehen werden k\u00f6nnten und somit neben einem erheblichen finanziellen Schaden auch zu einem weiteren Imageschaden f\u00fcr die Zahn\u00e4rztekammer Berlin f\u00fchren k\u00f6nnten?<\/p>\n<p style=\"text-align: justify;\">Dass diese Bef\u00fcrchtungen nicht abwegig sind, zeigt ja der Beschluss des Vorstandes der Kammer aus dem Jahr 2019, mit dem die sofortige Aussetzung aller Zahlungen der Charit\u00e9 an das Pfaff beschlossen worden ist.<\/p>\n<p style=\"text-align: justify;\">Das wei\u00df nat\u00fcrlich auch der Vorstandsvorsitzende Dr. Meyer, der allein aus wahltaktischen Gr\u00fcnden nichts unversucht l\u00e4sst, die Kollegenschaft mit Desinformation hinters Licht zu f\u00fchren, denn vor dem Licht betrachtet lautet der <strong>Programmname seiner Wahlliste:<\/strong><\/p>\n<blockquote>\n<p style=\"text-align: justify;\">&#8222;<span id=\"page34R_mcid63\" class=\"markedContent\"><span dir=\"ltr\" role=\"presentation\"><strong>Meyer<\/strong> und Fotiadis-Wentker f\u00fcr den Verband der Zahn\u00e4rztinnen <\/span><span dir=\"ltr\" role=\"presentation\">und Zahn\u00e4rzte&#8220;<\/span><\/span><\/p>\n<\/blockquote>\n<p style=\"text-align: justify;\">Bei dem Kollegen Meyer geht es um den Erhalt seines Posten als Vorstandsvorsitzender der KZV Berlin. Sein Posting sollten Sie bitte in diesem Licht betrachtet bewerten.<\/p>\n<p><strong>Mit bestem Gru\u00df<\/strong><\/p>\n<p><img loading=\"lazy\" decoding=\"async\" class=\"alignleft wp-image-38820\" src=\"https:\/\/iuzb.de\/wp-content\/uploads\/2022\/06\/Dr.-Helmut-Dohmeier-de-Haan.jpg\" alt=\"\" width=\"150\" height=\"210\" srcset=\"https:\/\/iuzb.de\/wp-content\/uploads\/2022\/06\/Dr.-Helmut-Dohmeier-de-Haan.jpg 591w, https:\/\/iuzb.de\/wp-content\/uploads\/2022\/06\/Dr.-Helmut-Dohmeier-de-Haan-214x300.jpg 214w, https:\/\/iuzb.de\/wp-content\/uploads\/2022\/06\/Dr.-Helmut-Dohmeier-de-Haan-86x120.jpg 86w\" sizes=\"auto, (max-width: 150px) 100vw, 150px\" \/><\/p>\n<p>&nbsp;<\/p>\n<p>&nbsp;<\/p>\n<p><strong>Dr. Helmut Dohmeier-de Haan<br \/>\n<\/strong><br \/>\n<a href=\"https:\/\/iuzb.de\/?p=37702\" target=\"_blank\" rel=\"noopener\">Kandidat<\/a> der<br \/>\nListe 2 &#8211; <span style=\"color: #008889; background-color: #ffffff;\"><strong>IUZB e.V.<\/strong><\/span><\/p>\n<p>&nbsp;<\/p>\n<p>&nbsp;<\/p>\n<p>&nbsp;<\/p>\n<p style=\"text-align: justify;\"><strong>* <\/strong>Dieser Fall betrifft einen der IUZB bekannt gewordenen Vertrag aus dem Jahre 2010 zwischen dem Institut f\u00fcr Zahn-, Mund- und Kieferheilkunde an der Charit\u00e9 und dem Philipp-Pfaff-Institut als Fortbildungseinrichtung der Zahn\u00e4rztekammer Berlin und der Landeszahn\u00e4rztekammer Brandenburg, indem es u.a. auch um die Abrechnung vom im Pfaff erbrachten und von der Charit\u00e9 zu Lasten der Krankenkassen abgerechneten zahn\u00e4rztlichen Leistungen ging.<\/p>\n","protected":false},"excerpt":{"rendered":"<p>Sehr geehrte Mitglieder der KZV Berlin, sehr geehrte W\u00e4hlerschaft, eine schon jahrelang bestehende Gemengelage aus Desinteresse, Verweigerung und Unt\u00e4tigkeit f\u00fchrt dazu, dass Nachfragen von Delegierten der IUZB zu den massiven [&#8230;]<\/p>\n","protected":false},"author":13,"featured_media":0,"comment_status":"open","ping_status":"closed","sticky":false,"template":"","format":"standard","meta":{"ngg_post_thumbnail":0,"iawp_total_views":13,"footnotes":""},"categories":[45,276,260],"tags":[],"class_list":["post-38805","post","type-post","status-publish","format-standard","hentry","category-kzv-berlin","category-kzv-wahl-2022","category-philipp-pfaff-institut-zahnaerztekammer-berlin"],"_links":{"self":[{"href":"https:\/\/iuzb.de\/index.php?rest_route=\/wp\/v2\/posts\/38805","targetHints":{"allow":["GET"]}}],"collection":[{"href":"https:\/\/iuzb.de\/index.php?rest_route=\/wp\/v2\/posts"}],"about":[{"href":"https:\/\/iuzb.de\/index.php?rest_route=\/wp\/v2\/types\/post"}],"author":[{"embeddable":true,"href":"https:\/\/iuzb.de\/index.php?rest_route=\/wp\/v2\/users\/13"}],"replies":[{"embeddable":true,"href":"https:\/\/iuzb.de\/index.php?rest_route=%2Fwp%2Fv2%2Fcomments&post=38805"}],"version-history":[{"count":22,"href":"https:\/\/iuzb.de\/index.php?rest_route=\/wp\/v2\/posts\/38805\/revisions"}],"predecessor-version":[{"id":38830,"href":"https:\/\/iuzb.de\/index.php?rest_route=\/wp\/v2\/posts\/38805\/revisions\/38830"}],"wp:attachment":[{"href":"https:\/\/iuzb.de\/index.php?rest_route=%2Fwp%2Fv2%2Fmedia&parent=38805"}],"wp:term":[{"taxonomy":"category","embeddable":true,"href":"https:\/\/iuzb.de\/index.php?rest_route=%2Fwp%2Fv2%2Fcategories&post=38805"},{"taxonomy":"post_tag","embeddable":true,"href":"https:\/\/iuzb.de\/index.php?rest_route=%2Fwp%2Fv2%2Ftags&post=38805"}],"curies":[{"name":"wp","href":"https:\/\/api.w.org\/{rel}","templated":true}]}}