{"id":38665,"date":"2022-05-15T08:28:33","date_gmt":"2022-05-15T06:28:33","guid":{"rendered":"http:\/\/iuzb.de\/?p=38665"},"modified":"2022-07-25T19:29:41","modified_gmt":"2022-07-25T17:29:41","slug":"anfrage-an-den-vorstand-der-kzv-berlin-zum-thema-patienten-mit-behandlungsanspruechen-nach-%c2%a722a-sgb-v","status":"publish","type":"post","link":"https:\/\/iuzb.de\/?p=38665","title":{"rendered":"IUZB-Anfrage und Antwort der KZV Berlin zum Thema: Patienten mit Behandlungsanspr\u00fcchen nach \u00a722a SGB V"},"content":{"rendered":"<p>Unsere heutige eMail an den Vorstand der KZV Berlin:<\/p>\n<blockquote>\n<p style=\"text-align: justify;\">Betrifft: <strong>Anfrage an den Vorstand der KZV Berlin zum Thema: Patienten mit Behandlungsanspr\u00fcchen nach <a href=\"https:\/\/dejure.org\/gesetze\/SGB_V\/22a.html\" target=\"_blank\" rel=\"noopener\">\u00a722a SGB V<\/a><\/strong><\/p>\n<p style=\"text-align: justify;\">Sehr geehrter Vorstand,<\/p>\n<p style=\"text-align: justify;\">ich bitte h\u00f6flich um die schriftlich Beantwortung folgender Fragen:<\/p>\n<ol style=\"text-align: justify;\">\n<li>Wie viele Pflegeeinrichtungen, die berechtigt sind Kooperationsvertr\u00e4ge abzuschlie\u00dfen, gibt es in Berlin insgesamt und wie viele davon werden zur Zeit betreut?<\/li>\n<li>Wie viele Patienten sind in Berlin in Pflegeeinrichtungen untergebracht und wie viele (%) werden davon \u00fcber Kooperationsvertr\u00e4ge erreicht?<\/li>\n<li>Wie viele Kooperationsvertr\u00e4ge zur Betreuung von Pflegeeinrichtungen gibt es aktuell?<\/li>\n<li>Wie viele Zahn\u00e4rzte haben Kooperationsvertr\u00e4ge abgeschlossen?<\/li>\n<li>Gibt es Zahn\u00e4rzte, die besonders viele Kooperationsvertr\u00e4ge abgeschlossen haben und werden in diesem F\u00e4llen haupts\u00e4chlich \u201eUntersuchungs-Positionen\u201c abgerechnet?<\/li>\n<li>Gibt und gab es Plausibilit\u00e4tspr\u00fcfungen?<\/li>\n<li>Wie hoch ist das Aufkommen von PAR Behandlungen bei \u00a722a Patienten.<\/li>\n<li>Wie viele aufsuchende Betreuungen gab es in Berlin insgesamt? Wo stehen wir im Bundesvergleich?<\/li>\n<li>In wie weit werden zuk\u00fcnftig die zahnmedizinische Betreuungen aller weiteren in h\u00e4uslicher Pflege lebenden Patienten honorartechnisch verbessert?<\/li>\n<\/ol>\n<p style=\"text-align: justify;\">Mit kollegialen Gr\u00fc\u00dfen<\/p>\n<p style=\"text-align: justify;\">Gerhard Gneist<br \/>\nMitglied Vertreterversammlung der KZV Berlin<br \/>\n1. Vorsitzender IUZB e.V.<\/p>\n<\/blockquote>\n","protected":false},"excerpt":{"rendered":"<p>Unsere heutige eMail an den Vorstand der KZV Berlin: Betrifft: Anfrage an den Vorstand der KZV Berlin zum Thema: Patienten mit Behandlungsanspr\u00fcchen nach \u00a722a SGB V Sehr geehrter Vorstand, ich [&#8230;]<\/p>\n","protected":false},"author":13,"featured_media":0,"comment_status":"open","ping_status":"closed","sticky":false,"template":"","format":"standard","meta":{"ngg_post_thumbnail":0,"iawp_total_views":2,"footnotes":""},"categories":[319,242,45,188],"tags":[],"class_list":["post-38665","post","type-post","status-publish","format-standard","hentry","category-22a-sgb-v","category-infobriefe","category-kzv-berlin","category-medizin"],"_links":{"self":[{"href":"https:\/\/iuzb.de\/index.php?rest_route=\/wp\/v2\/posts\/38665","targetHints":{"allow":["GET"]}}],"collection":[{"href":"https:\/\/iuzb.de\/index.php?rest_route=\/wp\/v2\/posts"}],"about":[{"href":"https:\/\/iuzb.de\/index.php?rest_route=\/wp\/v2\/types\/post"}],"author":[{"embeddable":true,"href":"https:\/\/iuzb.de\/index.php?rest_route=\/wp\/v2\/users\/13"}],"replies":[{"embeddable":true,"href":"https:\/\/iuzb.de\/index.php?rest_route=%2Fwp%2Fv2%2Fcomments&post=38665"}],"version-history":[{"count":3,"href":"https:\/\/iuzb.de\/index.php?rest_route=\/wp\/v2\/posts\/38665\/revisions"}],"predecessor-version":[{"id":38677,"href":"https:\/\/iuzb.de\/index.php?rest_route=\/wp\/v2\/posts\/38665\/revisions\/38677"}],"wp:attachment":[{"href":"https:\/\/iuzb.de\/index.php?rest_route=%2Fwp%2Fv2%2Fmedia&parent=38665"}],"wp:term":[{"taxonomy":"category","embeddable":true,"href":"https:\/\/iuzb.de\/index.php?rest_route=%2Fwp%2Fv2%2Fcategories&post=38665"},{"taxonomy":"post_tag","embeddable":true,"href":"https:\/\/iuzb.de\/index.php?rest_route=%2Fwp%2Fv2%2Ftags&post=38665"}],"curies":[{"name":"wp","href":"https:\/\/api.w.org\/{rel}","templated":true}]}}