{"id":38617,"date":"2022-05-12T08:08:18","date_gmt":"2022-05-12T06:08:18","guid":{"rendered":"http:\/\/iuzb.de\/?p=38617"},"modified":"2022-05-12T08:22:20","modified_gmt":"2022-05-12T06:22:20","slug":"hoechstes-geburtendefizit-in-deutschland-seit-ende-des-zweiten-weltkrieges-deutschland-verzeichnet-im-50-jahr-in-folge-ein-geburtendefizit-ohne-die-im-internationalen-vergleich-sehr-starke-zuwande","status":"publish","type":"post","link":"https:\/\/iuzb.de\/?p=38617","title":{"rendered":"H\u00f6chstes Geburtendefizit in Deutschland seit Ende des Zweiten Weltkrieges &#8211; Deutschland verzeichnet im 50. Jahr in Folge ein Geburtendefizit. Ohne die im internationalen Vergleich sehr starke Zuwanderung w\u00fcrde die Bev\u00f6lkerungszahl bereits seit Jahrzehnten kontinuierlich abnehmen."},"content":{"rendered":"<p><a href=\"https:\/\/www.bib.bund.de\/DE\/Presse\/Mitteilungen\/2022\/Bilder\/2022-05-11-Entwicklung-des-Geburtendefizits-seit-1950.png;jsessionid=1D1A8187F93E5F5A5AA8A489F149F37B.1_cid380?__blob=normal&amp;v=2\" target=\"_blank\" rel=\"noopener\"><img loading=\"lazy\" decoding=\"async\" class=\"alignnone\" src=\"https:\/\/www.bib.bund.de\/DE\/Presse\/Mitteilungen\/2022\/Bilder\/2022-05-11-Entwicklung-des-Geburtendefizits-seit-1950.png;jsessionid=1D1A8187F93E5F5A5AA8A489F149F37B.1_cid380?__blob=normal&amp;v=2\" alt=\"\" width=\"649\" height=\"414\" \/><\/a><\/p>\n<p style=\"text-align: justify;\"><strong>Trotz gestiegener Kinderzahl: H\u00f6chstes \u201eGeburtendefizit\u201c seit Ende des Zweiten Weltkriegs<\/strong><\/p>\n<p style=\"text-align: justify;\">Obwohl in Deutschland zuletzt so viele Kinder geboren wurden wie seit 25 Jahren nicht mehr, hat das sogenannte \u201eGeburtendefizit\u201c 2021 einen neuen H\u00f6chststand erreicht. Den rund 796.000 Neugeborenen standen im letzten Jahr etwa 1.024.000 Todesf\u00e4lle gegen\u00fcber &#8211; dadurch errechnet sich ein Geburtendefizit von 228.000.<\/p>\n<p style=\"text-align: justify;\">Wie das Bundesinstitut f\u00fcr Bev\u00f6lkerungsforschung (BiB) berichtet, ist dies der h\u00f6chste Wert seit Ende des Zweiten Weltkriegs.<\/p>\n<p style=\"text-align: justify;\">In Deutschland ist die Geburtenbilanz seit vielen Jahren negativ. Den letzten Geburten\u00fcberschuss gab es 1971 \u2212 seitdem \u00fcbersteigt die j\u00e4hrliche Zahl der Todesf\u00e4lle die der Geburten. 1975 lag das Defizit schon bei -207.000, bevor es sich bis 1988 wieder erholte (-8.000). Anschlie\u00dfend hat sich der Wert tendenziell erneut vergr\u00f6\u00dfert. Eine wesentliche Ursache f\u00fcr den momentanen Anstieg ist die zunehmende Alterung der Bev\u00f6lkerung: Die gestiegene Lebenserwartung und das Nachr\u00fccken stark besetzter Jahrg\u00e4nge in ein h\u00f6heres Lebensalter haben die Zahl alter Menschen ansteigen lassen. Selbst eine konstante oder wachsende Kinderzahl f\u00fchrt dann zu einem steigenden Geburtendefizit. Dieser langfristige demografische Trend hat sich schon seit Jahren abgezeichnet. Der Einfluss der Corona-Sterblichkeit auf diese Entwicklung verst\u00e4rkte den Effekt, war aber nicht ma\u00dfgeblich.<\/p>\n<p style=\"text-align: justify;\"><strong>50. Geburtendefizit in Folge<\/strong><\/p>\n<p style=\"text-align: justify;\">2021 verzeichnete Deutschland im 50. Jahr in Folge ein Geburtendefizit. Insgesamt verstarben hierzulande in den letzten f\u00fcnf Jahrzehnten gut 6,1 Millionen Menschen mehr als zur Welt kamen. Dass die Bev\u00f6lkerungsgr\u00f6\u00dfe Deutschlands seit 1972 trotzdem um mehr als vier Millionen zugenommen hat, ist auf Zuwanderung aus dem Ausland zur\u00fcckzuf\u00fchren. Auch in Zukunft wird es in Deutschland weiterhin ein Geburtendefizit geben. Die Wissenschaftlerinnen und Wissenschaftler des BiB weisen jedoch darauf hin, dass f\u00fcr das Entwicklungspotenzial eines Landes nicht alleine die absolute Bev\u00f6lkerungsgr\u00f6\u00dfe oder die Geburtenentwicklung entscheidend sind. Ein wesentlicher Aspekt ist, wie gut die hier lebenden Menschen ausgebildet sind. \u201eAngesichts des Geburtendefizits ist es daher umso wichtiger, verst\u00e4rkt in Bildung zu investieren und zwar von Anfang an\u201c, so C. Katharina Spie\u00df, Direktorin des BiB.<\/p>\n<p style=\"text-align: justify;\">Quelle: Bundesinstitut f\u00fcr Bev\u00f6lkerungsforschung, <a href=\"https:\/\/www.bib.bund.de\/DE\/Presse\/Mitteilungen\/2022\/2022-05-11-Trotz-gestiegener-Kinderzahl-hoechstes-Geburtendefizit-seit-Ende-des-Zweiten-Weltkriegs.html\" target=\"_blank\" rel=\"noopener\">Pressemitteilung vom 11.05.2022<\/a><\/p>\n","protected":false},"excerpt":{"rendered":"<p>Trotz gestiegener Kinderzahl: H\u00f6chstes \u201eGeburtendefizit\u201c seit Ende des Zweiten Weltkriegs Obwohl in Deutschland zuletzt so viele Kinder geboren wurden wie seit 25 Jahren nicht mehr, hat das sogenannte \u201eGeburtendefizit\u201c 2021 [&#8230;]<\/p>\n","protected":false},"author":13,"featured_media":0,"comment_status":"open","ping_status":"closed","sticky":false,"template":"","format":"standard","meta":{"ngg_post_thumbnail":0,"iawp_total_views":1,"footnotes":""},"categories":[1],"tags":[],"class_list":["post-38617","post","type-post","status-publish","format-standard","hentry","category-allgemein"],"_links":{"self":[{"href":"https:\/\/iuzb.de\/index.php?rest_route=\/wp\/v2\/posts\/38617","targetHints":{"allow":["GET"]}}],"collection":[{"href":"https:\/\/iuzb.de\/index.php?rest_route=\/wp\/v2\/posts"}],"about":[{"href":"https:\/\/iuzb.de\/index.php?rest_route=\/wp\/v2\/types\/post"}],"author":[{"embeddable":true,"href":"https:\/\/iuzb.de\/index.php?rest_route=\/wp\/v2\/users\/13"}],"replies":[{"embeddable":true,"href":"https:\/\/iuzb.de\/index.php?rest_route=%2Fwp%2Fv2%2Fcomments&post=38617"}],"version-history":[{"count":4,"href":"https:\/\/iuzb.de\/index.php?rest_route=\/wp\/v2\/posts\/38617\/revisions"}],"predecessor-version":[{"id":38623,"href":"https:\/\/iuzb.de\/index.php?rest_route=\/wp\/v2\/posts\/38617\/revisions\/38623"}],"wp:attachment":[{"href":"https:\/\/iuzb.de\/index.php?rest_route=%2Fwp%2Fv2%2Fmedia&parent=38617"}],"wp:term":[{"taxonomy":"category","embeddable":true,"href":"https:\/\/iuzb.de\/index.php?rest_route=%2Fwp%2Fv2%2Fcategories&post=38617"},{"taxonomy":"post_tag","embeddable":true,"href":"https:\/\/iuzb.de\/index.php?rest_route=%2Fwp%2Fv2%2Ftags&post=38617"}],"curies":[{"name":"wp","href":"https:\/\/api.w.org\/{rel}","templated":true}]}}