{"id":38611,"date":"2022-05-28T06:15:06","date_gmt":"2022-05-28T04:15:06","guid":{"rendered":"http:\/\/iuzb.de\/?p=38611"},"modified":"2022-06-21T18:02:27","modified_gmt":"2022-06-21T16:02:27","slug":"iuzb-wahlwerbepostkarte-zur-wahl-der-vertreterversammlung-der-kzv-berlin","status":"publish","type":"post","link":"https:\/\/iuzb.de\/?p=38611","title":{"rendered":"IUZB &#8211; Liste 2: Wahlwerbepostkarte zur KZV-Wahl"},"content":{"rendered":"<p><img loading=\"lazy\" decoding=\"async\" class=\"alignnone size-full wp-image-38613\" src=\"https:\/\/iuzb.de\/wp-content\/uploads\/2022\/05\/IUZB-in-Partnerschaft-mit-DAZ-und-Fraktion-Gesundheit-png-300.png\" alt=\"\" width=\"300\" height=\"272\" srcset=\"https:\/\/iuzb.de\/wp-content\/uploads\/2022\/05\/IUZB-in-Partnerschaft-mit-DAZ-und-Fraktion-Gesundheit-png-300.png 300w, https:\/\/iuzb.de\/wp-content\/uploads\/2022\/05\/IUZB-in-Partnerschaft-mit-DAZ-und-Fraktion-Gesundheit-png-300-132x120.png 132w\" sizes=\"auto, (max-width: 300px) 100vw, 300px\" \/><\/p>\n<p><strong><span style=\"font-size: 12pt;\">Liebe Kolleginnen, liebe Kollegen,<\/span><\/strong><\/p>\n<p><span style=\"font-size: 12pt;\">noch bis Mitte Juni k\u00f6nnen Sie die Kolleginnen und Kollegen w\u00e4hlen, die Ihre Interessen gegen\u00fcber den Krankenkassen in der KZV Berlin vertreten.<\/span><\/p>\n<p><span style=\"font-size: 12pt;\">Wir als IUZB haben gezeigt, dass wir uns mit Transparenz und Fairness f\u00fcr die Zusammenarbeit der Kollegenschaft einsetzen. <\/span><span style=\"font-size: 12pt;\">So kandidiert nun auch die Fraktion Gesundheit mit ihren Mitgliedern auf unserer Wahlliste:<br \/>\n<\/span><span style=\"font-size: 12pt;\">Gemeinsam f\u00fcr Sie und Ihre Praxis!<\/span><\/p>\n<p><span style=\"font-size: 12pt;\">Wir bitten Sie um Ihre Stimme.<\/span><\/p>\n<p><strong><span style=\"font-size: 12pt;\">Mit kollegialen Gr\u00fc\u00dfen<\/span><\/strong><\/p>\n<p>&nbsp;<\/p>\n<table>\n<tbody>\n<tr>\n<td style=\"text-align: left; vertical-align: top;\"><span style=\"font-size: 12pt;\"><strong>Gerhard Gneist<\/strong><\/span><br \/>\n<strong>Listenplatz 1<br \/>\n<\/strong><span style=\"color: #ffffff;\">.<\/span><br \/>\n<span style=\"font-size: 10pt;\">1. Vorsitzender <strong>IUZB e.V.<\/strong><\/span><\/td>\n<td style=\"text-align: left; vertical-align: top;\"><span style=\"font-size: 12pt;\"><strong>Dr. Veronika Hannak<\/strong><\/span><br \/>\n<strong>Listenplatz 2<br \/>\n<\/strong><span style=\"color: #ffffff;\">.<\/span><strong><br \/>\n<\/strong><span style=\"font-size: 10pt;\"><a href=\"https:\/\/www.pfaff-berlin.de\/dozenten\/hannak-veronika\/\" target=\"_blank\" rel=\"noopener\">Lebenslauf<\/a><\/span><strong><br \/>\n<\/strong><\/td>\n<td style=\"text-align: left; vertical-align: top;\"><span style=\"font-size: 12pt;\"><strong>Winnetou Kampmann<\/strong><\/span><br \/>\n<strong>Listenplatz 3<\/strong><br \/>\n<span style=\"font-size: 10pt;\">Stellv. Vorsitzender <strong>DAZ e.V.<\/strong><\/span><br \/>\n<span style=\"font-size: 10pt;\">Sprecher <strong>Fraktion Gesundheit<\/strong><\/span><\/td>\n<\/tr>\n<tr>\n<td style=\"text-align: left; vertical-align: top;\"><img loading=\"lazy\" decoding=\"async\" class=\"alignnone wp-image-38237\" src=\"https:\/\/iuzb.de\/wp-content\/uploads\/2022\/04\/01_Portraits_Gneist-scaled-1.jpg\" alt=\"\" width=\"200\" height=\"242\" srcset=\"https:\/\/iuzb.de\/wp-content\/uploads\/2022\/04\/01_Portraits_Gneist-scaled-1.jpg 2118w, https:\/\/iuzb.de\/wp-content\/uploads\/2022\/04\/01_Portraits_Gneist-scaled-1-248x300.jpg 248w, https:\/\/iuzb.de\/wp-content\/uploads\/2022\/04\/01_Portraits_Gneist-scaled-1-99x120.jpg 99w, https:\/\/iuzb.de\/wp-content\/uploads\/2022\/04\/01_Portraits_Gneist-scaled-1-768x928.jpg 768w, https:\/\/iuzb.de\/wp-content\/uploads\/2022\/04\/01_Portraits_Gneist-scaled-1-1271x1536.jpg 1271w, https:\/\/iuzb.de\/wp-content\/uploads\/2022\/04\/01_Portraits_Gneist-scaled-1-1694x2048.jpg 1694w\" sizes=\"auto, (max-width: 200px) 100vw, 200px\" \/><\/td>\n<td style=\"text-align: left; vertical-align: top;\"><img loading=\"lazy\" decoding=\"async\" class=\"alignnone wp-image-38238\" src=\"https:\/\/iuzb.de\/wp-content\/uploads\/2022\/04\/01_Portraits_Hannak-scaled-1.jpg\" alt=\"\" width=\"200\" height=\"242\" srcset=\"https:\/\/iuzb.de\/wp-content\/uploads\/2022\/04\/01_Portraits_Hannak-scaled-1.jpg 2118w, https:\/\/iuzb.de\/wp-content\/uploads\/2022\/04\/01_Portraits_Hannak-scaled-1-248x300.jpg 248w, https:\/\/iuzb.de\/wp-content\/uploads\/2022\/04\/01_Portraits_Hannak-scaled-1-99x120.jpg 99w, https:\/\/iuzb.de\/wp-content\/uploads\/2022\/04\/01_Portraits_Hannak-scaled-1-768x928.jpg 768w, https:\/\/iuzb.de\/wp-content\/uploads\/2022\/04\/01_Portraits_Hannak-scaled-1-1271x1536.jpg 1271w, https:\/\/iuzb.de\/wp-content\/uploads\/2022\/04\/01_Portraits_Hannak-scaled-1-1694x2048.jpg 1694w\" sizes=\"auto, (max-width: 200px) 100vw, 200px\" \/><\/td>\n<td style=\"text-align: left; vertical-align: top;\"><img loading=\"lazy\" decoding=\"async\" class=\"alignnone wp-image-38239\" src=\"https:\/\/iuzb.de\/wp-content\/uploads\/2022\/04\/01_Portraits_Kampmann-mit-Metadaten-Foto-ZAEK-Berlin-Jens-Jeske-scaled-1.jpg\" alt=\"\" width=\"200\" height=\"242\" srcset=\"https:\/\/iuzb.de\/wp-content\/uploads\/2022\/04\/01_Portraits_Kampmann-mit-Metadaten-Foto-ZAEK-Berlin-Jens-Jeske-scaled-1.jpg 2118w, https:\/\/iuzb.de\/wp-content\/uploads\/2022\/04\/01_Portraits_Kampmann-mit-Metadaten-Foto-ZAEK-Berlin-Jens-Jeske-scaled-1-248x300.jpg 248w, https:\/\/iuzb.de\/wp-content\/uploads\/2022\/04\/01_Portraits_Kampmann-mit-Metadaten-Foto-ZAEK-Berlin-Jens-Jeske-scaled-1-99x120.jpg 99w, https:\/\/iuzb.de\/wp-content\/uploads\/2022\/04\/01_Portraits_Kampmann-mit-Metadaten-Foto-ZAEK-Berlin-Jens-Jeske-scaled-1-768x928.jpg 768w, https:\/\/iuzb.de\/wp-content\/uploads\/2022\/04\/01_Portraits_Kampmann-mit-Metadaten-Foto-ZAEK-Berlin-Jens-Jeske-scaled-1-1271x1536.jpg 1271w, https:\/\/iuzb.de\/wp-content\/uploads\/2022\/04\/01_Portraits_Kampmann-mit-Metadaten-Foto-ZAEK-Berlin-Jens-Jeske-scaled-1-1694x2048.jpg 1694w\" sizes=\"auto, (max-width: 200px) 100vw, 200px\" \/><br \/>\n<span style=\"font-size: 8pt;\">Foto: Z\u00c4K Berlin \/Jens Jeske<\/span><\/td>\n<\/tr>\n<\/tbody>\n<\/table>\n<p>&nbsp;<\/p>\n<p><strong>Unser Wahlwerbepostkarte<\/strong>, welche Ihnen entsprechend <a href=\"https:\/\/www.kzv-berlin.de\/fileadmin\/user_upload\/KZV_Berlin\/1_Vertreterversammlung\/Wahlordnung_Vertreterversammlung_Anlage_1_Satzung.pdf?download=1\" target=\"_blank\" rel=\"noopener\">\u00a7 11 der Wahlordnung<\/a> auf unsere Kosten \u00fcber die Adressmittlung der KZV Berlin ab dem 30.04.2022 per Briefpost zugesandt wurde<strong>:<\/strong><\/p>\n<div id=\"attachment_38626\" style=\"width: 1764px\" class=\"wp-caption alignnone\"><img loading=\"lazy\" decoding=\"async\" aria-describedby=\"caption-attachment-38626\" class=\"wp-image-38626 size-full\" src=\"https:\/\/iuzb.de\/wp-content\/uploads\/2022\/05\/IUZB_Postkarte_2022_A4_X1_2.jpg\" alt=\"\" width=\"1754\" height=\"1240\" srcset=\"https:\/\/iuzb.de\/wp-content\/uploads\/2022\/05\/IUZB_Postkarte_2022_A4_X1_2.jpg 1754w, https:\/\/iuzb.de\/wp-content\/uploads\/2022\/05\/IUZB_Postkarte_2022_A4_X1_2-424x300.jpg 424w, https:\/\/iuzb.de\/wp-content\/uploads\/2022\/05\/IUZB_Postkarte_2022_A4_X1_2-170x120.jpg 170w, https:\/\/iuzb.de\/wp-content\/uploads\/2022\/05\/IUZB_Postkarte_2022_A4_X1_2-768x543.jpg 768w, https:\/\/iuzb.de\/wp-content\/uploads\/2022\/05\/IUZB_Postkarte_2022_A4_X1_2-1536x1086.jpg 1536w\" sizes=\"auto, (max-width: 1754px) 100vw, 1754px\" \/><p id=\"caption-attachment-38626\" class=\"wp-caption-text\"><span style=\"font-size: 8pt;\">Kartenseite<\/span><\/p><\/div>\n<div id=\"attachment_38627\" style=\"width: 1764px\" class=\"wp-caption alignright\"><img loading=\"lazy\" decoding=\"async\" aria-describedby=\"caption-attachment-38627\" class=\"wp-image-38627 size-full\" src=\"https:\/\/iuzb.de\/wp-content\/uploads\/2022\/05\/IUZB_Postkarte_2022_A4_X1_1-1.jpg\" alt=\"\" width=\"1754\" height=\"1240\" srcset=\"https:\/\/iuzb.de\/wp-content\/uploads\/2022\/05\/IUZB_Postkarte_2022_A4_X1_1-1.jpg 1754w, https:\/\/iuzb.de\/wp-content\/uploads\/2022\/05\/IUZB_Postkarte_2022_A4_X1_1-1-424x300.jpg 424w, https:\/\/iuzb.de\/wp-content\/uploads\/2022\/05\/IUZB_Postkarte_2022_A4_X1_1-1-170x120.jpg 170w, https:\/\/iuzb.de\/wp-content\/uploads\/2022\/05\/IUZB_Postkarte_2022_A4_X1_1-1-768x543.jpg 768w, https:\/\/iuzb.de\/wp-content\/uploads\/2022\/05\/IUZB_Postkarte_2022_A4_X1_1-1-1536x1086.jpg 1536w\" sizes=\"auto, (max-width: 1754px) 100vw, 1754px\" \/><p id=\"caption-attachment-38627\" class=\"wp-caption-text\"><span style=\"font-size: 8pt;\">Adressfeldseite<\/span><\/p><\/div>\n<p>&nbsp;<\/p>\n<p><span style=\"color: #ffffff;\">.<\/span><\/p>\n<table>\n<tbody>\n<tr>\n<td style=\"background-color: #008889;\">\n<p style=\"text-align: center;\"><span style=\"color: #ffffff;\"><a style=\"color: #ffffff;\" href=\"https:\/\/iuzb.de\/?p=37702\" target=\"_blank\" rel=\"noopener\"><strong><span style=\"font-size: 12pt;\"><span style=\"font-size: 18pt;\">LISTE 2<\/span>\u00a0\u00a0\u00a0\u00a0 &#8211;\u00a0\u00a0\u00a0\u00a0 WIR F\u00dcR SIE UND DIE BERLINER KZV\u00a0\u00a0\u00a0\u00a0 &#8211;\u00a0\u00a0\u00a0\u00a0 <span style=\"font-size: 18pt;\">IUZB<\/span><\/span><\/strong><\/a><\/span><\/p>\n<p style=\"text-align: center;\"><a href=\"https:\/\/iuzb.de\/?p=37702\" target=\"_blank\" rel=\"noopener\"><span style=\"font-size: 18pt; color: #ffffff;\">Unsere 61 Bewerberinnen und Bewerber<\/span><\/a><\/p>\n<\/td>\n<\/tr>\n<\/tbody>\n<\/table>\n<p><span style=\"color: #ffffff;\">.<\/span><\/p>\n","protected":false},"excerpt":{"rendered":"<p>Liebe Kolleginnen, liebe Kollegen, noch bis Mitte Juni k\u00f6nnen Sie die Kolleginnen und Kollegen w\u00e4hlen, die Ihre Interessen gegen\u00fcber den Krankenkassen in der KZV Berlin vertreten. Wir als IUZB haben [&#8230;]<\/p>\n","protected":false},"author":13,"featured_media":38403,"comment_status":"open","ping_status":"closed","sticky":false,"template":"","format":"standard","meta":{"ngg_post_thumbnail":0,"iawp_total_views":3,"footnotes":""},"categories":[242,276],"tags":[],"class_list":["post-38611","post","type-post","status-publish","format-standard","has-post-thumbnail","hentry","category-infobriefe","category-kzv-wahl-2022"],"_links":{"self":[{"href":"https:\/\/iuzb.de\/index.php?rest_route=\/wp\/v2\/posts\/38611","targetHints":{"allow":["GET"]}}],"collection":[{"href":"https:\/\/iuzb.de\/index.php?rest_route=\/wp\/v2\/posts"}],"about":[{"href":"https:\/\/iuzb.de\/index.php?rest_route=\/wp\/v2\/types\/post"}],"author":[{"embeddable":true,"href":"https:\/\/iuzb.de\/index.php?rest_route=\/wp\/v2\/users\/13"}],"replies":[{"embeddable":true,"href":"https:\/\/iuzb.de\/index.php?rest_route=%2Fwp%2Fv2%2Fcomments&post=38611"}],"version-history":[{"count":17,"href":"https:\/\/iuzb.de\/index.php?rest_route=\/wp\/v2\/posts\/38611\/revisions"}],"predecessor-version":[{"id":38744,"href":"https:\/\/iuzb.de\/index.php?rest_route=\/wp\/v2\/posts\/38611\/revisions\/38744"}],"wp:featuredmedia":[{"embeddable":true,"href":"https:\/\/iuzb.de\/index.php?rest_route=\/wp\/v2\/media\/38403"}],"wp:attachment":[{"href":"https:\/\/iuzb.de\/index.php?rest_route=%2Fwp%2Fv2%2Fmedia&parent=38611"}],"wp:term":[{"taxonomy":"category","embeddable":true,"href":"https:\/\/iuzb.de\/index.php?rest_route=%2Fwp%2Fv2%2Fcategories&post=38611"},{"taxonomy":"post_tag","embeddable":true,"href":"https:\/\/iuzb.de\/index.php?rest_route=%2Fwp%2Fv2%2Ftags&post=38611"}],"curies":[{"name":"wp","href":"https:\/\/api.w.org\/{rel}","templated":true}]}}