{"id":38487,"date":"2022-04-28T12:26:59","date_gmt":"2022-04-28T10:26:59","guid":{"rendered":"http:\/\/iuzb.de\/?p=38487"},"modified":"2022-04-28T12:27:32","modified_gmt":"2022-04-28T10:27:32","slug":"bzaek-zahnmedizin-fuer-menschen-mit-behinderung-medizinischem-unterstuetzungsbedarf-hochbetagte-und-pflegebeduerftige","status":"publish","type":"post","link":"https:\/\/iuzb.de\/?p=38487","title":{"rendered":"BZ\u00c4K: Zahnmedizin f\u00fcr Menschen mit Behinderung, medizinischem Unterst\u00fctzungsbedarf, Hochbetagte und Pflegebed\u00fcrftige"},"content":{"rendered":"<p style=\"text-align: justify;\"><strong>Vorschl\u00e4ge der BZ\u00c4K zur Verbesserung der Versorgung<\/strong><\/p>\n<p style=\"text-align: justify;\">Konkreter politischer Handlungsbedarf besteht bei der zahn\u00e4rztlichen Versorgung von Patientinnen und Patienten mit besonderem Unterst\u00fctzungsbedarf. F\u00fcr eine uneingeschr\u00e4nkte Partizipation bittet die Bundeszahn\u00e4rztekammer (BZ\u00c4K) die Gesundheitspolitik, sich f\u00fcr die erforderlichen L\u00f6sungen einzusetzen:<\/p>\n<p style=\"text-align: justify;\"><strong>1. Versorgung in station\u00e4ren Behinderteneinrichtungen<\/strong><\/p>\n<p style=\"text-align: justify;\">Immer wieder m\u00fcssen Kooperationsvertr\u00e4ge in Behinderteneinrichtungen abgelehnt werden, weil diese auf Pflegeeinrichtungen begrenzt sind. Hier ist eine Erweiterung auf Behinderteneinrichtungen sinnvoll.<\/p>\n<p style=\"text-align: justify;\"><strong>2. Medizinische Behandlungszentren und Sozialp\u00e4diatrische Zentren<\/strong><\/p>\n<p style=\"text-align: justify;\">Der Gesetzgeber hat f\u00fcr die medizinische Betreuung von Kindern und Jugendlichen mit Behinderung Sozialp\u00e4diatrische Zentren (SPZ) geschaffen, f\u00fcr erwachsene Patientinnen und Patienten mit Behinderung Medizinische Zentren f\u00fcr Erwachsene mit Behinderung (MZEB), in denen bislang keine Zahnmedizin stattfinden darf. Eine Weiterentwicklung ist erforderlich.<\/p>\n<p style=\"text-align: justify;\"><strong>3. Ambulant t\u00e4tige An\u00e4sthesisten<\/strong><\/p>\n<p style=\"text-align: justify;\">Pflegebed\u00fcrftige \u00c4ltere und Personen mit geistiger Behinderung ben\u00f6tigen h\u00e4ufig eine zahn\u00e4rztliche Behandlung in Allgemeinan\u00e4sthesie. Es ist sehr schwierig, f\u00fcr diese oft in ambulanten OP-Zentren durchgef\u00fchrten Behandlungen An\u00e4sthesisten zu gewinnen. Grund ist deren Budget-Deckel. Der Gesetzgeber muss diese Formen der Allgemeinan\u00e4sthesie au\u00dferhalb der Gesamtverg\u00fctung einordnen.<\/p>\n<p style=\"text-align: justify;\"><strong>4. Schnittstelle Zahnmedizin und Krankenhaus<\/strong><\/p>\n<p style=\"text-align: justify;\">Bei vielen Patientinnen und Patienten mit Behinderung liegen gro\u00dfe allgemeinmedizinische Beeintr\u00e4chtigungen vor, so dass die zahn\u00e4rztliche Behandlung in Allgemeinan\u00e4sthesie nur unter station\u00e4ren Bedingungen m\u00f6glich ist, ebenso bei Pflegebed\u00fcrftigen und Patienten mit schweren Allgemeinerkrankungen. Die station\u00e4re Versorgung h\u00e4lt jedoch keine gesetzlichen Rahmenbedingungen daf\u00fcr vor. Es existieren weder passende DRGs noch die gesetzliche M\u00f6glichkeit, dass Zahn\u00e4rztinnen und Zahn\u00e4rzte als Belegzahn\u00e4rzte in Krankenh\u00e4usern t\u00e4tig werden k\u00f6nnen. Eine Gesetzes\u00e4nderung ist erforderlich.<\/p>\n<p style=\"text-align: justify;\"><strong>5. Verg\u00fctung von Leistungen bei Pflegebed\u00fcrftigen und Menschen mit Behinderungen<\/strong><\/p>\n<p style=\"text-align: justify;\">Die ambulante zahnmedizinische Behandlung von Pflegebed\u00fcrftigen und Menschen mit Behinderung im Wachzustand ist sehr aufw\u00e4ndig, bindet viel Personal und Zeit. Dies wird nicht abgebildet.<\/p>\n<p style=\"text-align: justify;\"><strong>6. Betreuung von Pflegebed\u00fcrftigen und Menschen mit Behinderungen<\/strong><\/p>\n<p style=\"text-align: justify;\">Die zahn\u00e4rztliche und pr\u00e4ventive Betreuung von Pflegebed\u00fcrftigen und Personen mit Behinderung muss weiter intensiviert werden, da ihre Mundgesundheit signifikant schlechter ist als allgemein. Die Approbationsordnung Zahnmedizin und die Curricula k\u00f6nnten dies ber\u00fccksichtigen.<br \/>\nWeitere Schnittstellen w\u00e4ren akutgeriatrische Krankenhausstationen und die Entwicklung weitergehender Konzepte in der aufsuchenden Versorgung.<\/p>\n<p>Quelle: Bundeszahn\u00e4rztekammer, <a href=\"https:\/\/www.bzaek.de\/presse\/presseinformationen\/presseinformation\/zahnmedizin-fuer-menschen-mit-behinderung-medizinischem-unterstuetzungsbedarf-hochbetagte-und-pflegebeduerftige.html\" target=\"_blank\" rel=\"noopener\">Pressemitteilung vom 28.04.2022<\/a><\/p>\n","protected":false},"excerpt":{"rendered":"<p>Vorschl\u00e4ge der BZ\u00c4K zur Verbesserung der Versorgung Konkreter politischer Handlungsbedarf besteht bei der zahn\u00e4rztlichen Versorgung von Patientinnen und Patienten mit besonderem Unterst\u00fctzungsbedarf. F\u00fcr eine uneingeschr\u00e4nkte Partizipation bittet die Bundeszahn\u00e4rztekammer (BZ\u00c4K) [&#8230;]<\/p>\n","protected":false},"author":13,"featured_media":0,"comment_status":"open","ping_status":"closed","sticky":false,"template":"","format":"standard","meta":{"ngg_post_thumbnail":0,"iawp_total_views":0,"footnotes":""},"categories":[121],"tags":[],"class_list":["post-38487","post","type-post","status-publish","format-standard","hentry","category-bzaek"],"_links":{"self":[{"href":"https:\/\/iuzb.de\/index.php?rest_route=\/wp\/v2\/posts\/38487","targetHints":{"allow":["GET"]}}],"collection":[{"href":"https:\/\/iuzb.de\/index.php?rest_route=\/wp\/v2\/posts"}],"about":[{"href":"https:\/\/iuzb.de\/index.php?rest_route=\/wp\/v2\/types\/post"}],"author":[{"embeddable":true,"href":"https:\/\/iuzb.de\/index.php?rest_route=\/wp\/v2\/users\/13"}],"replies":[{"embeddable":true,"href":"https:\/\/iuzb.de\/index.php?rest_route=%2Fwp%2Fv2%2Fcomments&post=38487"}],"version-history":[{"count":1,"href":"https:\/\/iuzb.de\/index.php?rest_route=\/wp\/v2\/posts\/38487\/revisions"}],"predecessor-version":[{"id":38488,"href":"https:\/\/iuzb.de\/index.php?rest_route=\/wp\/v2\/posts\/38487\/revisions\/38488"}],"wp:attachment":[{"href":"https:\/\/iuzb.de\/index.php?rest_route=%2Fwp%2Fv2%2Fmedia&parent=38487"}],"wp:term":[{"taxonomy":"category","embeddable":true,"href":"https:\/\/iuzb.de\/index.php?rest_route=%2Fwp%2Fv2%2Fcategories&post=38487"},{"taxonomy":"post_tag","embeddable":true,"href":"https:\/\/iuzb.de\/index.php?rest_route=%2Fwp%2Fv2%2Ftags&post=38487"}],"curies":[{"name":"wp","href":"https:\/\/api.w.org\/{rel}","templated":true}]}}